{"id":2930,"date":"2024-09-13T09:57:24","date_gmt":"2024-09-13T09:57:24","guid":{"rendered":"https:\/\/conferences.wmu.se\/colp47\/?p=2930"},"modified":"2024-09-16T12:09:21","modified_gmt":"2024-09-16T12:09:21","slug":"amb-elmer-jose-german-gonzalo-schialer-salcedo","status":"publish","type":"post","link":"https:\/\/conferences.wmu.se\/colp47\/amb-elmer-jose-german-gonzalo-schialer-salcedo\/","title":{"rendered":"Amb. Elmer Schialer Salcedo"},"content":{"rendered":"<p><span style=\"font-weight: 400\">Minister of Foreign Affairs, Government of Peru<\/span><\/p>\n<p><em>Ministro de Relaciones Exteriores del Per\u00fa<\/em><\/p>\n\n\n<hr class=\"wp-block-separator has-alpha-channel-opacity\" \/>\n\n\n\n<p>Born in Guatemala in 1960, Elmer Jos\u00e9 Germ\u00e1n Gonzalo Schialer Salcedo is a Peruvian diplomat with more than 35 years of service to the State. He has a degree in International Relations from the Diplomatic Academy of Peru, a Master&#8217;s degree in Economics from the Pontifical Catholic University of Peru (PUCP), and has completed postgraduate studies in Systems Engineering at the National University of Engineering.<\/p>\n\n\n\n<p>Previously, he served as Executive Director of the Peru Chapter of the Binational Development Plan for the Peru-Ecuador Border Region (2024), Secretary General of Foreign Affairs (2023-2024), Ambassador of Peru to the Federal Republic of Germany (2017-2023) and General Director of the General Secretariat of the Andean Community (2014-2017), where he led the reform and relaunch of the organization.<\/p>\n\n\n\n<p>Likewise, throughout his career, he has been Director of International Economic Negotiations (2011-2014), where he supervised trade negotiations and relations with international organizations such as the Organization for Economic Cooperation and Development (OECD) and the World Organization of Trade (WTO), as well as the affairs of the United Nations Conference on Trade and Development (UNCTAD). He was also National Director of the Initiative for the Integration of Infrastructure in South America (IIRSA) (2002-2004), Deputy Director of the Europe Directorate (2002), and Director of Middle East and African Affairs (2001), among others.<\/p>\n\n\n\n<p>At the international level, Ambassador Elmer Schialer was also Deputy Permanent Representative of Peru to International Organizations based in Geneva, Swiss Confederation (2007-2011), managing issues of development, trade, intellectual property, disarmament and humanitarian law. He has held positions in the Peruvian embassies in New York, Washington, La Paz, and Mexico. Additionally, he was Consul General in Frankfurt, Germany (1999-2002). Likewise, it has participated in important international negotiations, including the Trans-Pacific Partnership Agreement (TPP) and agreements on biodiversity and disarmament.<\/p>\n\n\n\n<p>He has been a professor at the Diplomatic Academy of Peru, the University of Lima, and a visiting professor at the Institute of Diplomatic Training and Studies of El Salvador (IEESFORD); as well as a panelist at various international institutions. He speaks fluent German, French and English, and has basic knowledge of Italian and Portuguese<\/p>\n\n\n\n<hr class=\"wp-block-separator has-alpha-channel-opacity\" \/>\n\n\n\n<p><\/p>\n\n\n\n<p>Nacido en Guatemala en 1960, Elmer Jos\u00e9 Germ\u00e1n Gonzalo Schialer Salcedo es un diplom\u00e1tico peruano con m\u00e1s de 35 a\u00f1os de servicio al Estado. Es Licenciado en Relaciones Internacionales por la Academia Diplom\u00e1tica del Per\u00fa, egresado de la Maestr\u00eda en Econom\u00eda de la Pontificia Universidad Cat\u00f3lica del Per\u00fa (PUCP), y ha realizado estudios de postgrado en Ingenier\u00eda de Sistemas en la Universidad Nacional de Ingenier\u00eda.<\/p>\n\n\n\n<p>Anteriormente, se desempe\u00f1\u00f3 como Director Ejecutivo del Cap\u00edtulo Per\u00fa del Plan Binacional de Desarrollo de la Regi\u00f3n Fronteriza Per\u00fa-Ecuador (2024), Secretario General de Relaciones Exteriores (2023-2024), Embajador del Per\u00fa en la Rep\u00fablica Federal de Alemania (2017- 2023) y Director General de la Secretar\u00eda General de la Comunidad Andina (2014-2017), donde lider\u00f3 la reforma y relanzamiento del organismo.<\/p>\n\n\n\n<p>Asimismo, a lo largo de su carrera, ha sido Director de Negociaciones Econ\u00f3micas Internacionales (2011-2014), donde supervis\u00f3 las negociaciones comerciales y las relaciones con organismos internacionales como la Organizaci\u00f3n para la Cooperaci\u00f3n y el Desarrollo Econ\u00f3micos (OCDE) y la Organizaci\u00f3n Mundial del Comercio (OMC), as\u00ed como los asuntos de la Conferencia de las Naciones Unidas sobre Comercio y Desarrollo (UNCTAD). Tambi\u00e9n fue Director Nacional de la Iniciativa para la Integraci\u00f3n de la Infraestructura en Am\u00e9rica del Sur (IIRSA) (2002-2004), Subdirector en la Direcci\u00f3n de Europa (2002), y Director de Asuntos de Medio Oriente y \u00c1frica (2001), entre otros.<\/p>\n\n\n\n<p>En el \u00e1mbito internacional, el embajador Elmer Schialer tambi\u00e9n fue Representante Permanente Adjunto del Per\u00fa ante los Organismos Internacionales con sede en Ginebra, Confederaci\u00f3n Suiza (2007-2011), gestionando temas de desarrollo, comercio, propiedad intelectual, desarme y derecho humanitario. Ha ocupado cargos en las embajadas del Per\u00fa en Nueva York, Washington, La Paz, y M\u00e9xico. Adem\u00e1s, fue C\u00f3nsul General en Frankfurt, Alemania (1999-2002). Asimismo, ha participado en importantes negociaciones internacionales, incluyendo el Acuerdo de Asociaci\u00f3n Transpac\u00edfico (TPP) y convenios sobre biodiversidad y sobre desarme.<\/p>\n\n\n\n<p>Ha sido profesor en la Academia Diplom\u00e1tica del Per\u00fa, la Universidad de Lima, y profesor visitante en el Instituto de Formaci\u00f3n Diplom\u00e1tica y Estudios de El Salvador (IEESFORD); as\u00ed como panelista en diversas instituciones internacionales. Habla fluidamente alem\u00e1n, franc\u00e9s e ingl\u00e9s, y tiene conocimientos b\u00e1sicos de italiano y portugu\u00e9s<\/p>\n","protected":false},"excerpt":{"rendered":"<p>Minister of Foreign Affairs, Government of Peru Ministro de Relaciones Exteriores del Per\u00fa Born in Guatemala in 1960, Elmer Jos\u00e9 Germ\u00e1n Gonzalo Schialer Salcedo is a Peruvian diplomat with more than 35 years of service to the State. He has a degree in International Relations from the Diplomatic Academy of Peru, a Master&#8217;s degree in [&hellip;]<\/p>\n","protected":false},"author":21,"featured_media":2963,"comment_status":"closed","ping_status":"closed","sticky":false,"template":"","format":"standard","meta":{"_acf_changed":false,"footnotes":""},"categories":[34,10],"tags":[],"class_list":["post-2930","post","type-post","status-publish","format-standard","has-post-thumbnail","hentry","category-colp47","category-keynote-speakers","post-wrapper","thrv_wrapper"],"yoast_head":"<!-- This site is optimized with the Yoast SEO plugin v27.0 - https:\/\/yoast.com\/product\/yoast-seo-wordpress\/ -->\n<title>Amb. Elmer Schialer Salcedo - 47th Annual Conference on Oceans Law and Policy (COLP47)<\/title>\n<meta name=\"robots\" content=\"index, follow, max-snippet:-1, max-image-preview:large, max-video-preview:-1\" \/>\n<link rel=\"canonical\" href=\"https:\/\/conferences.wmu.se\/colp47\/amb-elmer-jose-german-gonzalo-schialer-salcedo\/\" \/>\n<meta property=\"og:locale\" content=\"en_US\" \/>\n<meta property=\"og:type\" content=\"article\" \/>\n<meta property=\"og:title\" content=\"Amb. Elmer Schialer Salcedo - 47th Annual Conference on Oceans Law and Policy (COLP47)\" \/>\n<meta property=\"og:description\" content=\"Minister of Foreign Affairs, Government of Peru Ministro de Relaciones Exteriores del Per\u00fa Born in Guatemala in 1960, Elmer Jos\u00e9 Germ\u00e1n Gonzalo Schialer Salcedo is a Peruvian diplomat with more than 35 years of service to the State. He has a degree in International Relations from the Diplomatic Academy of Peru, a Master&#8217;s degree in [&hellip;]\" \/>\n<meta property=\"og:url\" content=\"https:\/\/conferences.wmu.se\/colp47\/amb-elmer-jose-german-gonzalo-schialer-salcedo\/\" \/>\n<meta property=\"og:site_name\" content=\"47th Annual Conference on Oceans Law and Policy (COLP47)\" \/>\n<meta property=\"article:published_time\" content=\"2024-09-13T09:57:24+00:00\" \/>\n<meta property=\"article:modified_time\" content=\"2024-09-16T12:09:21+00:00\" \/>\n<meta property=\"og:image\" content=\"https:\/\/conferences.wmu.se\/colp47\/wp-content\/uploads\/sites\/27\/2024\/09\/Elmer-Schialer-1.png\" \/>\n\t<meta property=\"og:image:width\" content=\"640\" \/>\n\t<meta property=\"og:image:height\" content=\"371\" \/>\n\t<meta property=\"og:image:type\" content=\"image\/png\" \/>\n<meta name=\"author\" content=\"suriya\" \/>\n<meta name=\"twitter:card\" content=\"summary_large_image\" \/>\n<meta name=\"twitter:label1\" content=\"Written by\" \/>\n\t<meta name=\"twitter:data1\" content=\"suriya\" \/>\n\t<meta name=\"twitter:label2\" content=\"Est. reading time\" \/>\n\t<meta name=\"twitter:data2\" content=\"4 minutes\" \/>\n<script type=\"application\/ld+json\" class=\"yoast-schema-graph\">{\"@context\":\"https:\/\/schema.org\",\"@graph\":[{\"@type\":\"Article\",\"@id\":\"https:\/\/conferences.wmu.se\/colp47\/amb-elmer-jose-german-gonzalo-schialer-salcedo\/#article\",\"isPartOf\":{\"@id\":\"https:\/\/conferences.wmu.se\/colp47\/amb-elmer-jose-german-gonzalo-schialer-salcedo\/\"},\"author\":{\"name\":\"suriya\",\"@id\":\"https:\/\/conferences.wmu.se\/colp47\/#\/schema\/person\/a277b258faabfe2646f9fdccef5abc6b\"},\"headline\":\"Amb. Elmer Schialer Salcedo\",\"datePublished\":\"2024-09-13T09:57:24+00:00\",\"dateModified\":\"2024-09-16T12:09:21+00:00\",\"mainEntityOfPage\":{\"@id\":\"https:\/\/conferences.wmu.se\/colp47\/amb-elmer-jose-german-gonzalo-schialer-salcedo\/\"},\"wordCount\":747,\"image\":{\"@id\":\"https:\/\/conferences.wmu.se\/colp47\/amb-elmer-jose-german-gonzalo-schialer-salcedo\/#primaryimage\"},\"thumbnailUrl\":\"https:\/\/conferences.wmu.se\/colp47\/wp-content\/uploads\/sites\/27\/2024\/09\/Elmer-Schialer-1.png\",\"articleSection\":[\"COLP47\",\"Keynote Speakers\"],\"inLanguage\":\"en-US\"},{\"@type\":\"WebPage\",\"@id\":\"https:\/\/conferences.wmu.se\/colp47\/amb-elmer-jose-german-gonzalo-schialer-salcedo\/\",\"url\":\"https:\/\/conferences.wmu.se\/colp47\/amb-elmer-jose-german-gonzalo-schialer-salcedo\/\",\"name\":\"Amb. Elmer Schialer Salcedo - 47th Annual Conference on Oceans Law and Policy (COLP47)\",\"isPartOf\":{\"@id\":\"https:\/\/conferences.wmu.se\/colp47\/#website\"},\"primaryImageOfPage\":{\"@id\":\"https:\/\/conferences.wmu.se\/colp47\/amb-elmer-jose-german-gonzalo-schialer-salcedo\/#primaryimage\"},\"image\":{\"@id\":\"https:\/\/conferences.wmu.se\/colp47\/amb-elmer-jose-german-gonzalo-schialer-salcedo\/#primaryimage\"},\"thumbnailUrl\":\"https:\/\/conferences.wmu.se\/colp47\/wp-content\/uploads\/sites\/27\/2024\/09\/Elmer-Schialer-1.png\",\"datePublished\":\"2024-09-13T09:57:24+00:00\",\"dateModified\":\"2024-09-16T12:09:21+00:00\",\"author\":{\"@id\":\"https:\/\/conferences.wmu.se\/colp47\/#\/schema\/person\/a277b258faabfe2646f9fdccef5abc6b\"},\"breadcrumb\":{\"@id\":\"https:\/\/conferences.wmu.se\/colp47\/amb-elmer-jose-german-gonzalo-schialer-salcedo\/#breadcrumb\"},\"inLanguage\":\"en-US\",\"potentialAction\":[{\"@type\":\"ReadAction\",\"target\":[\"https:\/\/conferences.wmu.se\/colp47\/amb-elmer-jose-german-gonzalo-schialer-salcedo\/\"]}]},{\"@type\":\"ImageObject\",\"inLanguage\":\"en-US\",\"@id\":\"https:\/\/conferences.wmu.se\/colp47\/amb-elmer-jose-german-gonzalo-schialer-salcedo\/#primaryimage\",\"url\":\"https:\/\/conferences.wmu.se\/colp47\/wp-content\/uploads\/sites\/27\/2024\/09\/Elmer-Schialer-1.png\",\"contentUrl\":\"https:\/\/conferences.wmu.se\/colp47\/wp-content\/uploads\/sites\/27\/2024\/09\/Elmer-Schialer-1.png\",\"width\":640,\"height\":371},{\"@type\":\"BreadcrumbList\",\"@id\":\"https:\/\/conferences.wmu.se\/colp47\/amb-elmer-jose-german-gonzalo-schialer-salcedo\/#breadcrumb\",\"itemListElement\":[{\"@type\":\"ListItem\",\"position\":1,\"name\":\"Home\",\"item\":\"https:\/\/conferences.wmu.se\/colp47\/\"},{\"@type\":\"ListItem\",\"position\":2,\"name\":\"Amb. Elmer Schialer Salcedo\"}]},{\"@type\":\"WebSite\",\"@id\":\"https:\/\/conferences.wmu.se\/colp47\/#website\",\"url\":\"https:\/\/conferences.wmu.se\/colp47\/\",\"name\":\"47th Annual Conference on Oceans Law and Policy (COLP47)\",\"description\":\"OCEAN GOVERNANCE IN THE SOUTH PACIFIC AND LATIN AMERICA\",\"potentialAction\":[{\"@type\":\"SearchAction\",\"target\":{\"@type\":\"EntryPoint\",\"urlTemplate\":\"https:\/\/conferences.wmu.se\/colp47\/?s={search_term_string}\"},\"query-input\":{\"@type\":\"PropertyValueSpecification\",\"valueRequired\":true,\"valueName\":\"search_term_string\"}}],\"inLanguage\":\"en-US\"},{\"@type\":\"Person\",\"@id\":\"https:\/\/conferences.wmu.se\/colp47\/#\/schema\/person\/a277b258faabfe2646f9fdccef5abc6b\",\"name\":\"suriya\",\"image\":{\"@type\":\"ImageObject\",\"inLanguage\":\"en-US\",\"@id\":\"https:\/\/conferences.wmu.se\/colp47\/#\/schema\/person\/image\/\",\"url\":\"https:\/\/secure.gravatar.com\/avatar\/676608873ff7e1788b1f44c09487847c5f3642c6498aba69443a2176f8eb81a0?s=96&d=mm&r=g\",\"contentUrl\":\"https:\/\/secure.gravatar.com\/avatar\/676608873ff7e1788b1f44c09487847c5f3642c6498aba69443a2176f8eb81a0?s=96&d=mm&r=g\",\"caption\":\"suriya\"},\"url\":\"https:\/\/conferences.wmu.se\/colp47\/author\/suriya\/\"}]}<\/script>\n<!-- \/ Yoast SEO plugin. -->","yoast_head_json":{"title":"Amb. Elmer Schialer Salcedo - 47th Annual Conference on Oceans Law and Policy (COLP47)","robots":{"index":"index","follow":"follow","max-snippet":"max-snippet:-1","max-image-preview":"max-image-preview:large","max-video-preview":"max-video-preview:-1"},"canonical":"https:\/\/conferences.wmu.se\/colp47\/amb-elmer-jose-german-gonzalo-schialer-salcedo\/","og_locale":"en_US","og_type":"article","og_title":"Amb. Elmer Schialer Salcedo - 47th Annual Conference on Oceans Law and Policy (COLP47)","og_description":"Minister of Foreign Affairs, Government of Peru Ministro de Relaciones Exteriores del Per\u00fa Born in Guatemala in 1960, Elmer Jos\u00e9 Germ\u00e1n Gonzalo Schialer Salcedo is a Peruvian diplomat with more than 35 years of service to the State. He has a degree in International Relations from the Diplomatic Academy of Peru, a Master&#8217;s degree in [&hellip;]","og_url":"https:\/\/conferences.wmu.se\/colp47\/amb-elmer-jose-german-gonzalo-schialer-salcedo\/","og_site_name":"47th Annual Conference on Oceans Law and Policy (COLP47)","article_published_time":"2024-09-13T09:57:24+00:00","article_modified_time":"2024-09-16T12:09:21+00:00","og_image":[{"width":640,"height":371,"url":"https:\/\/conferences.wmu.se\/colp47\/wp-content\/uploads\/sites\/27\/2024\/09\/Elmer-Schialer-1.png","type":"image\/png"}],"author":"suriya","twitter_card":"summary_large_image","twitter_misc":{"Written by":"suriya","Est. reading time":"4 minutes"},"schema":{"@context":"https:\/\/schema.org","@graph":[{"@type":"Article","@id":"https:\/\/conferences.wmu.se\/colp47\/amb-elmer-jose-german-gonzalo-schialer-salcedo\/#article","isPartOf":{"@id":"https:\/\/conferences.wmu.se\/colp47\/amb-elmer-jose-german-gonzalo-schialer-salcedo\/"},"author":{"name":"suriya","@id":"https:\/\/conferences.wmu.se\/colp47\/#\/schema\/person\/a277b258faabfe2646f9fdccef5abc6b"},"headline":"Amb. Elmer Schialer Salcedo","datePublished":"2024-09-13T09:57:24+00:00","dateModified":"2024-09-16T12:09:21+00:00","mainEntityOfPage":{"@id":"https:\/\/conferences.wmu.se\/colp47\/amb-elmer-jose-german-gonzalo-schialer-salcedo\/"},"wordCount":747,"image":{"@id":"https:\/\/conferences.wmu.se\/colp47\/amb-elmer-jose-german-gonzalo-schialer-salcedo\/#primaryimage"},"thumbnailUrl":"https:\/\/conferences.wmu.se\/colp47\/wp-content\/uploads\/sites\/27\/2024\/09\/Elmer-Schialer-1.png","articleSection":["COLP47","Keynote Speakers"],"inLanguage":"en-US"},{"@type":"WebPage","@id":"https:\/\/conferences.wmu.se\/colp47\/amb-elmer-jose-german-gonzalo-schialer-salcedo\/","url":"https:\/\/conferences.wmu.se\/colp47\/amb-elmer-jose-german-gonzalo-schialer-salcedo\/","name":"Amb. Elmer Schialer Salcedo - 47th Annual Conference on Oceans Law and Policy (COLP47)","isPartOf":{"@id":"https:\/\/conferences.wmu.se\/colp47\/#website"},"primaryImageOfPage":{"@id":"https:\/\/conferences.wmu.se\/colp47\/amb-elmer-jose-german-gonzalo-schialer-salcedo\/#primaryimage"},"image":{"@id":"https:\/\/conferences.wmu.se\/colp47\/amb-elmer-jose-german-gonzalo-schialer-salcedo\/#primaryimage"},"thumbnailUrl":"https:\/\/conferences.wmu.se\/colp47\/wp-content\/uploads\/sites\/27\/2024\/09\/Elmer-Schialer-1.png","datePublished":"2024-09-13T09:57:24+00:00","dateModified":"2024-09-16T12:09:21+00:00","author":{"@id":"https:\/\/conferences.wmu.se\/colp47\/#\/schema\/person\/a277b258faabfe2646f9fdccef5abc6b"},"breadcrumb":{"@id":"https:\/\/conferences.wmu.se\/colp47\/amb-elmer-jose-german-gonzalo-schialer-salcedo\/#breadcrumb"},"inLanguage":"en-US","potentialAction":[{"@type":"ReadAction","target":["https:\/\/conferences.wmu.se\/colp47\/amb-elmer-jose-german-gonzalo-schialer-salcedo\/"]}]},{"@type":"ImageObject","inLanguage":"en-US","@id":"https:\/\/conferences.wmu.se\/colp47\/amb-elmer-jose-german-gonzalo-schialer-salcedo\/#primaryimage","url":"https:\/\/conferences.wmu.se\/colp47\/wp-content\/uploads\/sites\/27\/2024\/09\/Elmer-Schialer-1.png","contentUrl":"https:\/\/conferences.wmu.se\/colp47\/wp-content\/uploads\/sites\/27\/2024\/09\/Elmer-Schialer-1.png","width":640,"height":371},{"@type":"BreadcrumbList","@id":"https:\/\/conferences.wmu.se\/colp47\/amb-elmer-jose-german-gonzalo-schialer-salcedo\/#breadcrumb","itemListElement":[{"@type":"ListItem","position":1,"name":"Home","item":"https:\/\/conferences.wmu.se\/colp47\/"},{"@type":"ListItem","position":2,"name":"Amb. Elmer Schialer Salcedo"}]},{"@type":"WebSite","@id":"https:\/\/conferences.wmu.se\/colp47\/#website","url":"https:\/\/conferences.wmu.se\/colp47\/","name":"47th Annual Conference on Oceans Law and Policy (COLP47)","description":"OCEAN GOVERNANCE IN THE SOUTH PACIFIC AND LATIN AMERICA","potentialAction":[{"@type":"SearchAction","target":{"@type":"EntryPoint","urlTemplate":"https:\/\/conferences.wmu.se\/colp47\/?s={search_term_string}"},"query-input":{"@type":"PropertyValueSpecification","valueRequired":true,"valueName":"search_term_string"}}],"inLanguage":"en-US"},{"@type":"Person","@id":"https:\/\/conferences.wmu.se\/colp47\/#\/schema\/person\/a277b258faabfe2646f9fdccef5abc6b","name":"suriya","image":{"@type":"ImageObject","inLanguage":"en-US","@id":"https:\/\/conferences.wmu.se\/colp47\/#\/schema\/person\/image\/","url":"https:\/\/secure.gravatar.com\/avatar\/676608873ff7e1788b1f44c09487847c5f3642c6498aba69443a2176f8eb81a0?s=96&d=mm&r=g","contentUrl":"https:\/\/secure.gravatar.com\/avatar\/676608873ff7e1788b1f44c09487847c5f3642c6498aba69443a2176f8eb81a0?s=96&d=mm&r=g","caption":"suriya"},"url":"https:\/\/conferences.wmu.se\/colp47\/author\/suriya\/"}]}},"acf":[],"jetpack_featured_media_url":"https:\/\/conferences.wmu.se\/colp47\/wp-content\/uploads\/sites\/27\/2024\/09\/Elmer-Schialer-1.png","_links":{"self":[{"href":"https:\/\/conferences.wmu.se\/colp47\/wp-json\/wp\/v2\/posts\/2930","targetHints":{"allow":["GET"]}}],"collection":[{"href":"https:\/\/conferences.wmu.se\/colp47\/wp-json\/wp\/v2\/posts"}],"about":[{"href":"https:\/\/conferences.wmu.se\/colp47\/wp-json\/wp\/v2\/types\/post"}],"author":[{"embeddable":true,"href":"https:\/\/conferences.wmu.se\/colp47\/wp-json\/wp\/v2\/users\/21"}],"replies":[{"embeddable":true,"href":"https:\/\/conferences.wmu.se\/colp47\/wp-json\/wp\/v2\/comments?post=2930"}],"version-history":[{"count":5,"href":"https:\/\/conferences.wmu.se\/colp47\/wp-json\/wp\/v2\/posts\/2930\/revisions"}],"predecessor-version":[{"id":2962,"href":"https:\/\/conferences.wmu.se\/colp47\/wp-json\/wp\/v2\/posts\/2930\/revisions\/2962"}],"wp:featuredmedia":[{"embeddable":true,"href":"https:\/\/conferences.wmu.se\/colp47\/wp-json\/wp\/v2\/media\/2963"}],"wp:attachment":[{"href":"https:\/\/conferences.wmu.se\/colp47\/wp-json\/wp\/v2\/media?parent=2930"}],"wp:term":[{"taxonomy":"category","embeddable":true,"href":"https:\/\/conferences.wmu.se\/colp47\/wp-json\/wp\/v2\/categories?post=2930"},{"taxonomy":"post_tag","embeddable":true,"href":"https:\/\/conferences.wmu.se\/colp47\/wp-json\/wp\/v2\/tags?post=2930"}],"curies":[{"name":"wp","href":"https:\/\/api.w.org\/{rel}","templated":true}]}}