{"id":2818,"date":"2024-09-04T09:04:38","date_gmt":"2024-09-04T09:04:38","guid":{"rendered":"https:\/\/conferences.wmu.se\/colp47\/?p=2818"},"modified":"2024-09-09T08:18:31","modified_gmt":"2024-09-09T08:18:31","slug":"cristian-martis","status":"publish","type":"post","link":"https:\/\/conferences.wmu.se\/colp47\/cristian-martis\/","title":{"rendered":"Cristian Martis"},"content":{"rendered":"<p>Director &#8211; Regional Coordinator of the Southeast Pacific Action Plan, Permanent Commission for the South Pacific (CPPS)<\/p>\n<p><em>Director &#8211; Coordinador Regional del Plan de Acci\u00f3n del Pac\u00edfico Sudeste, Comisi\u00f3n Permanente del Pac\u00edfico Sur (CPPS)<\/em><\/p>\n\n\n<hr class=\"wp-block-separator has-alpha-channel-opacity\" \/>\n\n\n\n<p>Currently serving as the Director for the Regional Coordination of the Action Plan of the Permanent Commission of the South Pacific \u2013 CPPS.<\/p>\n\n\n\n<p>He has an academic background in Maritime Administration Engineering and a master\u2019s degree in Maritime Affairs from the World Maritime University \u2013 WMU.<\/p>\n\n\n\n<p>Additionally, he is a retired Navy Officer with over 32 years of service, specializing in Coast Guard duties and dedicated to international oceanic, maritime, and environmental affairs.<\/p>\n\n\n\n<hr class=\"wp-block-separator has-alpha-channel-opacity\" \/>\n\n\n\n<p>Actualmente se desempe\u00f1a como Director para la Coordinaci\u00f3n Regional del Plan de Acci\u00f3n de la Comisi\u00f3n Permanente del Pac\u00edfico Sur \u2013 CPPS.<\/p>\n\n\n\n<p>De formaci\u00f3n acad\u00e9mica en Ingenier\u00eda en Administraci\u00f3n Mar\u00edtima y con maestr\u00eda en Asuntos Mar\u00edtimos de la Universidad Mar\u00edtima Mundial \u2013 WMU.<\/p>\n\n\n\n<p>Adem\u00e1s, es Oficial de Marina en retiro, con m\u00e1s de 32 a\u00f1os de servicio, de especialidad Guarda Costa y dedicado a los asuntos internacionales oce\u00e1nicos, mar\u00edtimos y del medio ambiente.<\/p>\n","protected":false},"excerpt":{"rendered":"<p>Director &#8211; Regional Coordinator of the Southeast Pacific Action Plan, Permanent Commission for the South Pacific (CPPS) Director &#8211; Coordinador Regional del Plan de Acci\u00f3n del Pac\u00edfico Sudeste, Comisi\u00f3n Permanente del Pac\u00edfico Sur (CPPS) Currently serving as the Director for the Regional Coordination of the Action Plan of the Permanent Commission of the South Pacific [&hellip;]<\/p>\n","protected":false},"author":21,"featured_media":2869,"comment_status":"closed","ping_status":"closed","sticky":false,"template":"","format":"standard","meta":{"_acf_changed":false,"footnotes":""},"categories":[34,10],"tags":[],"class_list":["post-2818","post","type-post","status-publish","format-standard","has-post-thumbnail","hentry","category-colp47","category-keynote-speakers","post-wrapper","thrv_wrapper"],"yoast_head":"<!-- This site is optimized with the Yoast SEO plugin v27.0 - https:\/\/yoast.com\/product\/yoast-seo-wordpress\/ -->\n<title>Cristian Martis - 47th Annual Conference on Oceans Law and Policy (COLP47)<\/title>\n<meta name=\"robots\" content=\"index, follow, max-snippet:-1, max-image-preview:large, max-video-preview:-1\" \/>\n<link rel=\"canonical\" href=\"https:\/\/conferences.wmu.se\/colp47\/cristian-martis\/\" \/>\n<meta property=\"og:locale\" content=\"en_US\" \/>\n<meta property=\"og:type\" content=\"article\" \/>\n<meta property=\"og:title\" content=\"Cristian Martis - 47th Annual Conference on Oceans Law and Policy (COLP47)\" \/>\n<meta property=\"og:description\" content=\"Director &#8211; Regional Coordinator of the Southeast Pacific Action Plan, Permanent Commission for the South Pacific (CPPS) Director &#8211; Coordinador Regional del Plan de Acci\u00f3n del Pac\u00edfico Sudeste, Comisi\u00f3n Permanente del Pac\u00edfico Sur (CPPS) Currently serving as the Director for the Regional Coordination of the Action Plan of the Permanent Commission of the South Pacific [&hellip;]\" \/>\n<meta property=\"og:url\" content=\"https:\/\/conferences.wmu.se\/colp47\/cristian-martis\/\" \/>\n<meta property=\"og:site_name\" content=\"47th Annual Conference on Oceans Law and Policy (COLP47)\" \/>\n<meta property=\"article:published_time\" content=\"2024-09-04T09:04:38+00:00\" \/>\n<meta property=\"article:modified_time\" content=\"2024-09-09T08:18:31+00:00\" \/>\n<meta property=\"og:image\" content=\"https:\/\/conferences.wmu.se\/colp47\/wp-content\/uploads\/sites\/27\/2024\/09\/Cristian-Martis.jpg\" \/>\n\t<meta property=\"og:image:width\" content=\"1062\" \/>\n\t<meta property=\"og:image:height\" content=\"1036\" \/>\n\t<meta property=\"og:image:type\" content=\"image\/jpeg\" \/>\n<meta name=\"author\" content=\"suriya\" \/>\n<meta name=\"twitter:card\" content=\"summary_large_image\" \/>\n<meta name=\"twitter:label1\" content=\"Written by\" \/>\n\t<meta name=\"twitter:data1\" content=\"suriya\" \/>\n\t<meta name=\"twitter:label2\" content=\"Est. reading time\" \/>\n\t<meta name=\"twitter:data2\" content=\"2 minutes\" \/>\n<script type=\"application\/ld+json\" class=\"yoast-schema-graph\">{\"@context\":\"https:\/\/schema.org\",\"@graph\":[{\"@type\":\"Article\",\"@id\":\"https:\/\/conferences.wmu.se\/colp47\/cristian-martis\/#article\",\"isPartOf\":{\"@id\":\"https:\/\/conferences.wmu.se\/colp47\/cristian-martis\/\"},\"author\":{\"name\":\"suriya\",\"@id\":\"https:\/\/conferences.wmu.se\/colp47\/#\/schema\/person\/a277b258faabfe2646f9fdccef5abc6b\"},\"headline\":\"Cristian Martis\",\"datePublished\":\"2024-09-04T09:04:38+00:00\",\"dateModified\":\"2024-09-09T08:18:31+00:00\",\"mainEntityOfPage\":{\"@id\":\"https:\/\/conferences.wmu.se\/colp47\/cristian-martis\/\"},\"wordCount\":199,\"image\":{\"@id\":\"https:\/\/conferences.wmu.se\/colp47\/cristian-martis\/#primaryimage\"},\"thumbnailUrl\":\"https:\/\/conferences.wmu.se\/colp47\/wp-content\/uploads\/sites\/27\/2024\/09\/Cristian-Martis.jpg\",\"articleSection\":[\"COLP47\",\"Keynote Speakers\"],\"inLanguage\":\"en-US\"},{\"@type\":\"WebPage\",\"@id\":\"https:\/\/conferences.wmu.se\/colp47\/cristian-martis\/\",\"url\":\"https:\/\/conferences.wmu.se\/colp47\/cristian-martis\/\",\"name\":\"Cristian Martis - 47th Annual Conference on Oceans Law and Policy (COLP47)\",\"isPartOf\":{\"@id\":\"https:\/\/conferences.wmu.se\/colp47\/#website\"},\"primaryImageOfPage\":{\"@id\":\"https:\/\/conferences.wmu.se\/colp47\/cristian-martis\/#primaryimage\"},\"image\":{\"@id\":\"https:\/\/conferences.wmu.se\/colp47\/cristian-martis\/#primaryimage\"},\"thumbnailUrl\":\"https:\/\/conferences.wmu.se\/colp47\/wp-content\/uploads\/sites\/27\/2024\/09\/Cristian-Martis.jpg\",\"datePublished\":\"2024-09-04T09:04:38+00:00\",\"dateModified\":\"2024-09-09T08:18:31+00:00\",\"author\":{\"@id\":\"https:\/\/conferences.wmu.se\/colp47\/#\/schema\/person\/a277b258faabfe2646f9fdccef5abc6b\"},\"breadcrumb\":{\"@id\":\"https:\/\/conferences.wmu.se\/colp47\/cristian-martis\/#breadcrumb\"},\"inLanguage\":\"en-US\",\"potentialAction\":[{\"@type\":\"ReadAction\",\"target\":[\"https:\/\/conferences.wmu.se\/colp47\/cristian-martis\/\"]}]},{\"@type\":\"ImageObject\",\"inLanguage\":\"en-US\",\"@id\":\"https:\/\/conferences.wmu.se\/colp47\/cristian-martis\/#primaryimage\",\"url\":\"https:\/\/conferences.wmu.se\/colp47\/wp-content\/uploads\/sites\/27\/2024\/09\/Cristian-Martis.jpg\",\"contentUrl\":\"https:\/\/conferences.wmu.se\/colp47\/wp-content\/uploads\/sites\/27\/2024\/09\/Cristian-Martis.jpg\",\"width\":1062,\"height\":1036},{\"@type\":\"BreadcrumbList\",\"@id\":\"https:\/\/conferences.wmu.se\/colp47\/cristian-martis\/#breadcrumb\",\"itemListElement\":[{\"@type\":\"ListItem\",\"position\":1,\"name\":\"Home\",\"item\":\"https:\/\/conferences.wmu.se\/colp47\/\"},{\"@type\":\"ListItem\",\"position\":2,\"name\":\"Cristian Martis\"}]},{\"@type\":\"WebSite\",\"@id\":\"https:\/\/conferences.wmu.se\/colp47\/#website\",\"url\":\"https:\/\/conferences.wmu.se\/colp47\/\",\"name\":\"47th Annual Conference on Oceans Law and Policy (COLP47)\",\"description\":\"OCEAN GOVERNANCE IN THE SOUTH PACIFIC AND LATIN AMERICA\",\"potentialAction\":[{\"@type\":\"SearchAction\",\"target\":{\"@type\":\"EntryPoint\",\"urlTemplate\":\"https:\/\/conferences.wmu.se\/colp47\/?s={search_term_string}\"},\"query-input\":{\"@type\":\"PropertyValueSpecification\",\"valueRequired\":true,\"valueName\":\"search_term_string\"}}],\"inLanguage\":\"en-US\"},{\"@type\":\"Person\",\"@id\":\"https:\/\/conferences.wmu.se\/colp47\/#\/schema\/person\/a277b258faabfe2646f9fdccef5abc6b\",\"name\":\"suriya\",\"image\":{\"@type\":\"ImageObject\",\"inLanguage\":\"en-US\",\"@id\":\"https:\/\/conferences.wmu.se\/colp47\/#\/schema\/person\/image\/\",\"url\":\"https:\/\/secure.gravatar.com\/avatar\/676608873ff7e1788b1f44c09487847c5f3642c6498aba69443a2176f8eb81a0?s=96&d=mm&r=g\",\"contentUrl\":\"https:\/\/secure.gravatar.com\/avatar\/676608873ff7e1788b1f44c09487847c5f3642c6498aba69443a2176f8eb81a0?s=96&d=mm&r=g\",\"caption\":\"suriya\"},\"url\":\"https:\/\/conferences.wmu.se\/colp47\/author\/suriya\/\"}]}<\/script>\n<!-- \/ Yoast SEO plugin. -->","yoast_head_json":{"title":"Cristian Martis - 47th Annual Conference on Oceans Law and Policy (COLP47)","robots":{"index":"index","follow":"follow","max-snippet":"max-snippet:-1","max-image-preview":"max-image-preview:large","max-video-preview":"max-video-preview:-1"},"canonical":"https:\/\/conferences.wmu.se\/colp47\/cristian-martis\/","og_locale":"en_US","og_type":"article","og_title":"Cristian Martis - 47th Annual Conference on Oceans Law and Policy (COLP47)","og_description":"Director &#8211; Regional Coordinator of the Southeast Pacific Action Plan, Permanent Commission for the South Pacific (CPPS) Director &#8211; Coordinador Regional del Plan de Acci\u00f3n del Pac\u00edfico Sudeste, Comisi\u00f3n Permanente del Pac\u00edfico Sur (CPPS) Currently serving as the Director for the Regional Coordination of the Action Plan of the Permanent Commission of the South Pacific [&hellip;]","og_url":"https:\/\/conferences.wmu.se\/colp47\/cristian-martis\/","og_site_name":"47th Annual Conference on Oceans Law and Policy (COLP47)","article_published_time":"2024-09-04T09:04:38+00:00","article_modified_time":"2024-09-09T08:18:31+00:00","og_image":[{"width":1062,"height":1036,"url":"https:\/\/conferences.wmu.se\/colp47\/wp-content\/uploads\/sites\/27\/2024\/09\/Cristian-Martis.jpg","type":"image\/jpeg"}],"author":"suriya","twitter_card":"summary_large_image","twitter_misc":{"Written by":"suriya","Est. reading time":"2 minutes"},"schema":{"@context":"https:\/\/schema.org","@graph":[{"@type":"Article","@id":"https:\/\/conferences.wmu.se\/colp47\/cristian-martis\/#article","isPartOf":{"@id":"https:\/\/conferences.wmu.se\/colp47\/cristian-martis\/"},"author":{"name":"suriya","@id":"https:\/\/conferences.wmu.se\/colp47\/#\/schema\/person\/a277b258faabfe2646f9fdccef5abc6b"},"headline":"Cristian Martis","datePublished":"2024-09-04T09:04:38+00:00","dateModified":"2024-09-09T08:18:31+00:00","mainEntityOfPage":{"@id":"https:\/\/conferences.wmu.se\/colp47\/cristian-martis\/"},"wordCount":199,"image":{"@id":"https:\/\/conferences.wmu.se\/colp47\/cristian-martis\/#primaryimage"},"thumbnailUrl":"https:\/\/conferences.wmu.se\/colp47\/wp-content\/uploads\/sites\/27\/2024\/09\/Cristian-Martis.jpg","articleSection":["COLP47","Keynote Speakers"],"inLanguage":"en-US"},{"@type":"WebPage","@id":"https:\/\/conferences.wmu.se\/colp47\/cristian-martis\/","url":"https:\/\/conferences.wmu.se\/colp47\/cristian-martis\/","name":"Cristian Martis - 47th Annual Conference on Oceans Law and Policy (COLP47)","isPartOf":{"@id":"https:\/\/conferences.wmu.se\/colp47\/#website"},"primaryImageOfPage":{"@id":"https:\/\/conferences.wmu.se\/colp47\/cristian-martis\/#primaryimage"},"image":{"@id":"https:\/\/conferences.wmu.se\/colp47\/cristian-martis\/#primaryimage"},"thumbnailUrl":"https:\/\/conferences.wmu.se\/colp47\/wp-content\/uploads\/sites\/27\/2024\/09\/Cristian-Martis.jpg","datePublished":"2024-09-04T09:04:38+00:00","dateModified":"2024-09-09T08:18:31+00:00","author":{"@id":"https:\/\/conferences.wmu.se\/colp47\/#\/schema\/person\/a277b258faabfe2646f9fdccef5abc6b"},"breadcrumb":{"@id":"https:\/\/conferences.wmu.se\/colp47\/cristian-martis\/#breadcrumb"},"inLanguage":"en-US","potentialAction":[{"@type":"ReadAction","target":["https:\/\/conferences.wmu.se\/colp47\/cristian-martis\/"]}]},{"@type":"ImageObject","inLanguage":"en-US","@id":"https:\/\/conferences.wmu.se\/colp47\/cristian-martis\/#primaryimage","url":"https:\/\/conferences.wmu.se\/colp47\/wp-content\/uploads\/sites\/27\/2024\/09\/Cristian-Martis.jpg","contentUrl":"https:\/\/conferences.wmu.se\/colp47\/wp-content\/uploads\/sites\/27\/2024\/09\/Cristian-Martis.jpg","width":1062,"height":1036},{"@type":"BreadcrumbList","@id":"https:\/\/conferences.wmu.se\/colp47\/cristian-martis\/#breadcrumb","itemListElement":[{"@type":"ListItem","position":1,"name":"Home","item":"https:\/\/conferences.wmu.se\/colp47\/"},{"@type":"ListItem","position":2,"name":"Cristian Martis"}]},{"@type":"WebSite","@id":"https:\/\/conferences.wmu.se\/colp47\/#website","url":"https:\/\/conferences.wmu.se\/colp47\/","name":"47th Annual Conference on Oceans Law and Policy (COLP47)","description":"OCEAN GOVERNANCE IN THE SOUTH PACIFIC AND LATIN AMERICA","potentialAction":[{"@type":"SearchAction","target":{"@type":"EntryPoint","urlTemplate":"https:\/\/conferences.wmu.se\/colp47\/?s={search_term_string}"},"query-input":{"@type":"PropertyValueSpecification","valueRequired":true,"valueName":"search_term_string"}}],"inLanguage":"en-US"},{"@type":"Person","@id":"https:\/\/conferences.wmu.se\/colp47\/#\/schema\/person\/a277b258faabfe2646f9fdccef5abc6b","name":"suriya","image":{"@type":"ImageObject","inLanguage":"en-US","@id":"https:\/\/conferences.wmu.se\/colp47\/#\/schema\/person\/image\/","url":"https:\/\/secure.gravatar.com\/avatar\/676608873ff7e1788b1f44c09487847c5f3642c6498aba69443a2176f8eb81a0?s=96&d=mm&r=g","contentUrl":"https:\/\/secure.gravatar.com\/avatar\/676608873ff7e1788b1f44c09487847c5f3642c6498aba69443a2176f8eb81a0?s=96&d=mm&r=g","caption":"suriya"},"url":"https:\/\/conferences.wmu.se\/colp47\/author\/suriya\/"}]}},"acf":[],"jetpack_featured_media_url":"https:\/\/conferences.wmu.se\/colp47\/wp-content\/uploads\/sites\/27\/2024\/09\/Cristian-Martis.jpg","_links":{"self":[{"href":"https:\/\/conferences.wmu.se\/colp47\/wp-json\/wp\/v2\/posts\/2818","targetHints":{"allow":["GET"]}}],"collection":[{"href":"https:\/\/conferences.wmu.se\/colp47\/wp-json\/wp\/v2\/posts"}],"about":[{"href":"https:\/\/conferences.wmu.se\/colp47\/wp-json\/wp\/v2\/types\/post"}],"author":[{"embeddable":true,"href":"https:\/\/conferences.wmu.se\/colp47\/wp-json\/wp\/v2\/users\/21"}],"replies":[{"embeddable":true,"href":"https:\/\/conferences.wmu.se\/colp47\/wp-json\/wp\/v2\/comments?post=2818"}],"version-history":[{"count":4,"href":"https:\/\/conferences.wmu.se\/colp47\/wp-json\/wp\/v2\/posts\/2818\/revisions"}],"predecessor-version":[{"id":2875,"href":"https:\/\/conferences.wmu.se\/colp47\/wp-json\/wp\/v2\/posts\/2818\/revisions\/2875"}],"wp:featuredmedia":[{"embeddable":true,"href":"https:\/\/conferences.wmu.se\/colp47\/wp-json\/wp\/v2\/media\/2869"}],"wp:attachment":[{"href":"https:\/\/conferences.wmu.se\/colp47\/wp-json\/wp\/v2\/media?parent=2818"}],"wp:term":[{"taxonomy":"category","embeddable":true,"href":"https:\/\/conferences.wmu.se\/colp47\/wp-json\/wp\/v2\/categories?post=2818"},{"taxonomy":"post_tag","embeddable":true,"href":"https:\/\/conferences.wmu.se\/colp47\/wp-json\/wp\/v2\/tags?post=2818"}],"curies":[{"name":"wp","href":"https:\/\/api.w.org\/{rel}","templated":true}]}}