{"id":2521,"date":"2024-08-20T13:07:15","date_gmt":"2024-08-20T13:07:15","guid":{"rendered":"https:\/\/conferences.wmu.se\/colp47\/?p=2521"},"modified":"2024-09-13T15:43:05","modified_gmt":"2024-09-13T15:43:05","slug":"arsenio-dominguez-2","status":"publish","type":"post","link":"https:\/\/conferences.wmu.se\/colp47\/arsenio-dominguez-2\/","title":{"rendered":"Arsenio Dominguez"},"content":{"rendered":"<p>WMU Chancellor and Secretary General, International Maritime Organization (IMO) (Online)<\/p>\n<p><span style=\"font-weight: 400\">Canciller de la UMM y Secretario General de la Organizaci\u00f3n Mar\u00edtima Internacional<\/span><span style=\"font-weight: 400\"><br \/><\/span><\/p>\n\n\n<hr class=\"wp-block-separator has-alpha-channel-opacity\" \/>\n\n\n\n<p>Mr. Dominguez assumed his role as tenth IMO Secretary-General on 1 January 2024, bringing with him more than three decades of experience serving the global maritime sector, across a spectrum of leadership roles of increasing scope and responsibility.<\/p>\n\n\n\n<p>Initially representing his native Panama, first within the Panama Maritime Authority and in his lattermost appointment as Ambassador of Panama to IMO, his affinity for building consensus saw him elected by his peers as Chair of several flagship IMO intergovernmental meetings, including: the Marine Environment Protection Committee (MEPC), the Technical Committee of the 29th Assembly, and the Maritime Security, Piracy and Armed Robbery Group, as well as a number of Vice-Chair and Board member roles.<\/p>\n\n\n\n<p>A naval architect at heart and by training, Mr. Dominguez gained his first degree at Veracruzana University, Mexico. Recognising from the outset of his career the importance of a multi-disciplinary and multi-sectorial approach to the maritime sector, Mr. Dominguez later went on to pursue a Master of Business Administration (MBA) at the University of Hull, as well as an executive qualification in International Law and European Politics at Birkbeck University, both in the United Kingdom.<\/p>\n\n\n\n<p>This agile approach served him well in better understanding the priorities and navigating the needs of the different stakeholders across the maritime sector, and indeed the complexities of a specialized UN agency whose mission it is to support them. In 2017 Mr. Dominguez harnessed this extensive technical and diplomatic knowledge and experience as a delegate for the benefit of IMO. He joined the Organization, first as Chief of Staff, followed by Administrative Director &#8211; leading the Organization through the COVID-19 pandemic. Directly prior to his election in July 2023 as Secretary-General, he was the Director of the Marine Environment Division.<\/p>\n\n\n\n<p>His initial term as IMO Secretary-General, approved at the 33rd Assembly in December 2023, is for a period of four years from 2024 to 2027.<\/p>\n\n\n\n<hr class=\"wp-block-separator has-alpha-channel-opacity\" \/>\n\n\n\n<p><br>El Sr. Dom\u00ednguez asumi\u00f3 su cargo como d\u00e9cimo Secretario General de la OMI en 1 de enero de 2024, aportando m\u00e1s de tres d\u00e9cadas de experiencia al servicio del sector mar\u00edtimo mundial, a trav\u00e9s de un espectro de funciones de liderazgo de creciente alcance y responsabilidad.<\/p>\n\n\n\n<p>Inicialmente representando a su Panam\u00e1 natal, primero en la Autoridad Mar\u00edtima de Panam\u00e1 y en su \u00faltimo nombramiento como Embajador de Panam\u00e1 ante la OMI, su afinidad por la creaci\u00f3n de consenso le llev\u00f3 a ser elegido por sus hom\u00f3logos como Presidente de varias reuniones intergubernamentales emblem\u00e1ticas de la OMI, entre ellas: el Comit\u00e9 de protecci\u00f3n del medio marino (MEPC), el Comisi\u00f3n de Asuntos T\u00e9cnicos del vig\u00e9simo noveno periodo de sesiones de la Asamblea y el Grupo de protecci\u00f3n mar\u00edtima, la pirater\u00eda y los robos a mano armada, as\u00ed como varios cargos de Vicepresidente y miembro del Consejo.<\/p>\n\n\n\n<p>Arquitecto naval de coraz\u00f3n y de formaci\u00f3n, el Sr. Dom\u00ednguez obtuvo su primer t\u00edtulo en la Universidad Veracruzana (M\u00e9xico). Reconociendo desde el principio de su carrera la importancia de un enfoque multidisciplinar y multisectorial del sector mar\u00edtimo, el Sr. Dom\u00ednguez curs\u00f3 posteriormente un M\u00e1ster en Administraci\u00f3n de Empresas (MBA) en la Universidad de Hull, as\u00ed como un t\u00edtulo ejecutivo en Derecho Internacional y Pol\u00edtica Europea en la Universidad de Birkbeck, ambas en el Reino Unido.<\/p>\n\n\n\n<p>Este enfoque \u00e1gil le sirvi\u00f3 para comprender mejor las prioridades y navegar por las necesidades de las distintas partes interesadas del sector mar\u00edtimo y, las complejidades de un organismo especializado de las Naciones Unidas cuya misi\u00f3n es apoyarlas. En 2017, el Sr. Dom\u00ednguez aprovech\u00f3 estos amplios conocimientos t\u00e9cnicos y diplom\u00e1ticos y su experiencia como delegado en beneficio de la OMI. Se incorpor\u00f3 a la Organizaci\u00f3n, primero como Jefe de Gabinete y despu\u00e9s como Director de la Divisi\u00f3n administrativa, ejerciendo un rol de liderazgo en la Organizaci\u00f3n durante la pandemia de COVID-19. Justo antes de su elecci\u00f3n en julio de 2023 como Secretario General, era Director de la Divisi\u00f3n del medio marino.<\/p>\n\n\n\n<p>Su mandato inicial como Secretario General de la OMI, aprobado en el trig\u00e9simo tercer periodo de sesiones de la Asamblea en diciembre de 2023, tiene una duraci\u00f3n de cuatro a\u00f1os, de 2024 a 2027.<\/p>\n","protected":false},"excerpt":{"rendered":"<p>WMU Chancellor and Secretary General, International Maritime Organization (IMO) (Online) Canciller de la UMM y Secretario General de la Organizaci\u00f3n Mar\u00edtima Internacional Mr. Dominguez assumed his role as tenth IMO Secretary-General on 1 January 2024, bringing with him more than three decades of experience serving the global maritime sector, across a spectrum of leadership roles [&hellip;]<\/p>\n","protected":false},"author":21,"featured_media":2916,"comment_status":"closed","ping_status":"closed","sticky":false,"template":"","format":"standard","meta":{"_acf_changed":false,"footnotes":""},"categories":[34,10],"tags":[],"class_list":["post-2521","post","type-post","status-publish","format-standard","has-post-thumbnail","hentry","category-colp47","category-keynote-speakers","post-wrapper","thrv_wrapper"],"yoast_head":"<!-- This site is optimized with the Yoast SEO plugin v27.0 - https:\/\/yoast.com\/product\/yoast-seo-wordpress\/ -->\n<title>Arsenio Dominguez - 47th Annual Conference on Oceans Law and Policy (COLP47)<\/title>\n<meta name=\"robots\" content=\"index, follow, max-snippet:-1, max-image-preview:large, max-video-preview:-1\" \/>\n<link rel=\"canonical\" href=\"http:\/\/conferences.wmu.se\/colp47\/arsenio-dominguez-2\/\" \/>\n<meta property=\"og:locale\" content=\"en_US\" \/>\n<meta property=\"og:type\" content=\"article\" \/>\n<meta property=\"og:title\" content=\"Arsenio Dominguez - 47th Annual Conference on Oceans Law and Policy (COLP47)\" \/>\n<meta property=\"og:description\" content=\"WMU Chancellor and Secretary General, International Maritime Organization (IMO) (Online) Canciller de la UMM y Secretario General de la Organizaci\u00f3n Mar\u00edtima Internacional Mr. Dominguez assumed his role as tenth IMO Secretary-General on 1 January 2024, bringing with him more than three decades of experience serving the global maritime sector, across a spectrum of leadership roles [&hellip;]\" \/>\n<meta property=\"og:url\" content=\"http:\/\/conferences.wmu.se\/colp47\/arsenio-dominguez-2\/\" \/>\n<meta property=\"og:site_name\" content=\"47th Annual Conference on Oceans Law and Policy (COLP47)\" \/>\n<meta property=\"article:published_time\" content=\"2024-08-20T13:07:15+00:00\" \/>\n<meta property=\"article:modified_time\" content=\"2024-09-13T15:43:05+00:00\" \/>\n<meta property=\"og:image\" content=\"http:\/\/conferences.wmu.se\/colp47\/wp-content\/uploads\/sites\/27\/2024\/08\/Arsenio-Antonio-DomA\u0303\u00adnguez-Velasco-Opt-2-scaled-e1726134179523.jpg\" \/>\n\t<meta property=\"og:image:width\" content=\"1142\" \/>\n\t<meta property=\"og:image:height\" content=\"1920\" \/>\n\t<meta property=\"og:image:type\" content=\"image\/jpeg\" \/>\n<meta name=\"author\" content=\"suriya\" \/>\n<meta name=\"twitter:card\" content=\"summary_large_image\" \/>\n<meta name=\"twitter:label1\" content=\"Written by\" \/>\n\t<meta name=\"twitter:data1\" content=\"suriya\" \/>\n\t<meta name=\"twitter:label2\" content=\"Est. reading time\" \/>\n\t<meta name=\"twitter:data2\" content=\"4 minutes\" \/>\n<script type=\"application\/ld+json\" class=\"yoast-schema-graph\">{\"@context\":\"https:\/\/schema.org\",\"@graph\":[{\"@type\":\"Article\",\"@id\":\"http:\/\/conferences.wmu.se\/colp47\/arsenio-dominguez-2\/#article\",\"isPartOf\":{\"@id\":\"http:\/\/conferences.wmu.se\/colp47\/arsenio-dominguez-2\/\"},\"author\":{\"name\":\"suriya\",\"@id\":\"https:\/\/conferences.wmu.se\/colp47\/#\/schema\/person\/a277b258faabfe2646f9fdccef5abc6b\"},\"headline\":\"Arsenio Dominguez\",\"datePublished\":\"2024-08-20T13:07:15+00:00\",\"dateModified\":\"2024-09-13T15:43:05+00:00\",\"mainEntityOfPage\":{\"@id\":\"http:\/\/conferences.wmu.se\/colp47\/arsenio-dominguez-2\/\"},\"wordCount\":731,\"image\":{\"@id\":\"http:\/\/conferences.wmu.se\/colp47\/arsenio-dominguez-2\/#primaryimage\"},\"thumbnailUrl\":\"https:\/\/conferences.wmu.se\/colp47\/wp-content\/uploads\/sites\/27\/2024\/08\/Arsenio-Antonio-DomA\u0303\u00adnguez-Velasco-Opt-2-scaled-e1726134179523.jpg\",\"articleSection\":[\"COLP47\",\"Keynote Speakers\"],\"inLanguage\":\"en-US\"},{\"@type\":\"WebPage\",\"@id\":\"http:\/\/conferences.wmu.se\/colp47\/arsenio-dominguez-2\/\",\"url\":\"http:\/\/conferences.wmu.se\/colp47\/arsenio-dominguez-2\/\",\"name\":\"Arsenio Dominguez - 47th Annual Conference on Oceans Law and Policy (COLP47)\",\"isPartOf\":{\"@id\":\"https:\/\/conferences.wmu.se\/colp47\/#website\"},\"primaryImageOfPage\":{\"@id\":\"http:\/\/conferences.wmu.se\/colp47\/arsenio-dominguez-2\/#primaryimage\"},\"image\":{\"@id\":\"http:\/\/conferences.wmu.se\/colp47\/arsenio-dominguez-2\/#primaryimage\"},\"thumbnailUrl\":\"https:\/\/conferences.wmu.se\/colp47\/wp-content\/uploads\/sites\/27\/2024\/08\/Arsenio-Antonio-DomA\u0303\u00adnguez-Velasco-Opt-2-scaled-e1726134179523.jpg\",\"datePublished\":\"2024-08-20T13:07:15+00:00\",\"dateModified\":\"2024-09-13T15:43:05+00:00\",\"author\":{\"@id\":\"https:\/\/conferences.wmu.se\/colp47\/#\/schema\/person\/a277b258faabfe2646f9fdccef5abc6b\"},\"breadcrumb\":{\"@id\":\"http:\/\/conferences.wmu.se\/colp47\/arsenio-dominguez-2\/#breadcrumb\"},\"inLanguage\":\"en-US\",\"potentialAction\":[{\"@type\":\"ReadAction\",\"target\":[\"http:\/\/conferences.wmu.se\/colp47\/arsenio-dominguez-2\/\"]}]},{\"@type\":\"ImageObject\",\"inLanguage\":\"en-US\",\"@id\":\"http:\/\/conferences.wmu.se\/colp47\/arsenio-dominguez-2\/#primaryimage\",\"url\":\"https:\/\/conferences.wmu.se\/colp47\/wp-content\/uploads\/sites\/27\/2024\/08\/Arsenio-Antonio-DomA\u0303\u00adnguez-Velasco-Opt-2-scaled-e1726134179523.jpg\",\"contentUrl\":\"https:\/\/conferences.wmu.se\/colp47\/wp-content\/uploads\/sites\/27\/2024\/08\/Arsenio-Antonio-DomA\u0303\u00adnguez-Velasco-Opt-2-scaled-e1726134179523.jpg\",\"width\":1142,\"height\":1920},{\"@type\":\"BreadcrumbList\",\"@id\":\"http:\/\/conferences.wmu.se\/colp47\/arsenio-dominguez-2\/#breadcrumb\",\"itemListElement\":[{\"@type\":\"ListItem\",\"position\":1,\"name\":\"Home\",\"item\":\"https:\/\/conferences.wmu.se\/colp47\/\"},{\"@type\":\"ListItem\",\"position\":2,\"name\":\"Arsenio Dominguez\"}]},{\"@type\":\"WebSite\",\"@id\":\"https:\/\/conferences.wmu.se\/colp47\/#website\",\"url\":\"https:\/\/conferences.wmu.se\/colp47\/\",\"name\":\"47th Annual Conference on Oceans Law and Policy (COLP47)\",\"description\":\"OCEAN GOVERNANCE IN THE SOUTH PACIFIC AND LATIN AMERICA\",\"potentialAction\":[{\"@type\":\"SearchAction\",\"target\":{\"@type\":\"EntryPoint\",\"urlTemplate\":\"https:\/\/conferences.wmu.se\/colp47\/?s={search_term_string}\"},\"query-input\":{\"@type\":\"PropertyValueSpecification\",\"valueRequired\":true,\"valueName\":\"search_term_string\"}}],\"inLanguage\":\"en-US\"},{\"@type\":\"Person\",\"@id\":\"https:\/\/conferences.wmu.se\/colp47\/#\/schema\/person\/a277b258faabfe2646f9fdccef5abc6b\",\"name\":\"suriya\",\"image\":{\"@type\":\"ImageObject\",\"inLanguage\":\"en-US\",\"@id\":\"https:\/\/conferences.wmu.se\/colp47\/#\/schema\/person\/image\/\",\"url\":\"https:\/\/secure.gravatar.com\/avatar\/676608873ff7e1788b1f44c09487847c5f3642c6498aba69443a2176f8eb81a0?s=96&d=mm&r=g\",\"contentUrl\":\"https:\/\/secure.gravatar.com\/avatar\/676608873ff7e1788b1f44c09487847c5f3642c6498aba69443a2176f8eb81a0?s=96&d=mm&r=g\",\"caption\":\"suriya\"},\"url\":\"https:\/\/conferences.wmu.se\/colp47\/author\/suriya\/\"}]}<\/script>\n<!-- \/ Yoast SEO plugin. -->","yoast_head_json":{"title":"Arsenio Dominguez - 47th Annual Conference on Oceans Law and Policy (COLP47)","robots":{"index":"index","follow":"follow","max-snippet":"max-snippet:-1","max-image-preview":"max-image-preview:large","max-video-preview":"max-video-preview:-1"},"canonical":"http:\/\/conferences.wmu.se\/colp47\/arsenio-dominguez-2\/","og_locale":"en_US","og_type":"article","og_title":"Arsenio Dominguez - 47th Annual Conference on Oceans Law and Policy (COLP47)","og_description":"WMU Chancellor and Secretary General, International Maritime Organization (IMO) (Online) Canciller de la UMM y Secretario General de la Organizaci\u00f3n Mar\u00edtima Internacional Mr. Dominguez assumed his role as tenth IMO Secretary-General on 1 January 2024, bringing with him more than three decades of experience serving the global maritime sector, across a spectrum of leadership roles [&hellip;]","og_url":"http:\/\/conferences.wmu.se\/colp47\/arsenio-dominguez-2\/","og_site_name":"47th Annual Conference on Oceans Law and Policy (COLP47)","article_published_time":"2024-08-20T13:07:15+00:00","article_modified_time":"2024-09-13T15:43:05+00:00","og_image":[{"width":1142,"height":1920,"url":"http:\/\/conferences.wmu.se\/colp47\/wp-content\/uploads\/sites\/27\/2024\/08\/Arsenio-Antonio-DomA\u0303\u00adnguez-Velasco-Opt-2-scaled-e1726134179523.jpg","type":"image\/jpeg"}],"author":"suriya","twitter_card":"summary_large_image","twitter_misc":{"Written by":"suriya","Est. reading time":"4 minutes"},"schema":{"@context":"https:\/\/schema.org","@graph":[{"@type":"Article","@id":"http:\/\/conferences.wmu.se\/colp47\/arsenio-dominguez-2\/#article","isPartOf":{"@id":"http:\/\/conferences.wmu.se\/colp47\/arsenio-dominguez-2\/"},"author":{"name":"suriya","@id":"https:\/\/conferences.wmu.se\/colp47\/#\/schema\/person\/a277b258faabfe2646f9fdccef5abc6b"},"headline":"Arsenio Dominguez","datePublished":"2024-08-20T13:07:15+00:00","dateModified":"2024-09-13T15:43:05+00:00","mainEntityOfPage":{"@id":"http:\/\/conferences.wmu.se\/colp47\/arsenio-dominguez-2\/"},"wordCount":731,"image":{"@id":"http:\/\/conferences.wmu.se\/colp47\/arsenio-dominguez-2\/#primaryimage"},"thumbnailUrl":"https:\/\/conferences.wmu.se\/colp47\/wp-content\/uploads\/sites\/27\/2024\/08\/Arsenio-Antonio-DomA\u0303\u00adnguez-Velasco-Opt-2-scaled-e1726134179523.jpg","articleSection":["COLP47","Keynote Speakers"],"inLanguage":"en-US"},{"@type":"WebPage","@id":"http:\/\/conferences.wmu.se\/colp47\/arsenio-dominguez-2\/","url":"http:\/\/conferences.wmu.se\/colp47\/arsenio-dominguez-2\/","name":"Arsenio Dominguez - 47th Annual Conference on Oceans Law and Policy (COLP47)","isPartOf":{"@id":"https:\/\/conferences.wmu.se\/colp47\/#website"},"primaryImageOfPage":{"@id":"http:\/\/conferences.wmu.se\/colp47\/arsenio-dominguez-2\/#primaryimage"},"image":{"@id":"http:\/\/conferences.wmu.se\/colp47\/arsenio-dominguez-2\/#primaryimage"},"thumbnailUrl":"https:\/\/conferences.wmu.se\/colp47\/wp-content\/uploads\/sites\/27\/2024\/08\/Arsenio-Antonio-DomA\u0303\u00adnguez-Velasco-Opt-2-scaled-e1726134179523.jpg","datePublished":"2024-08-20T13:07:15+00:00","dateModified":"2024-09-13T15:43:05+00:00","author":{"@id":"https:\/\/conferences.wmu.se\/colp47\/#\/schema\/person\/a277b258faabfe2646f9fdccef5abc6b"},"breadcrumb":{"@id":"http:\/\/conferences.wmu.se\/colp47\/arsenio-dominguez-2\/#breadcrumb"},"inLanguage":"en-US","potentialAction":[{"@type":"ReadAction","target":["http:\/\/conferences.wmu.se\/colp47\/arsenio-dominguez-2\/"]}]},{"@type":"ImageObject","inLanguage":"en-US","@id":"http:\/\/conferences.wmu.se\/colp47\/arsenio-dominguez-2\/#primaryimage","url":"https:\/\/conferences.wmu.se\/colp47\/wp-content\/uploads\/sites\/27\/2024\/08\/Arsenio-Antonio-DomA\u0303\u00adnguez-Velasco-Opt-2-scaled-e1726134179523.jpg","contentUrl":"https:\/\/conferences.wmu.se\/colp47\/wp-content\/uploads\/sites\/27\/2024\/08\/Arsenio-Antonio-DomA\u0303\u00adnguez-Velasco-Opt-2-scaled-e1726134179523.jpg","width":1142,"height":1920},{"@type":"BreadcrumbList","@id":"http:\/\/conferences.wmu.se\/colp47\/arsenio-dominguez-2\/#breadcrumb","itemListElement":[{"@type":"ListItem","position":1,"name":"Home","item":"https:\/\/conferences.wmu.se\/colp47\/"},{"@type":"ListItem","position":2,"name":"Arsenio Dominguez"}]},{"@type":"WebSite","@id":"https:\/\/conferences.wmu.se\/colp47\/#website","url":"https:\/\/conferences.wmu.se\/colp47\/","name":"47th Annual Conference on Oceans Law and Policy (COLP47)","description":"OCEAN GOVERNANCE IN THE SOUTH PACIFIC AND LATIN AMERICA","potentialAction":[{"@type":"SearchAction","target":{"@type":"EntryPoint","urlTemplate":"https:\/\/conferences.wmu.se\/colp47\/?s={search_term_string}"},"query-input":{"@type":"PropertyValueSpecification","valueRequired":true,"valueName":"search_term_string"}}],"inLanguage":"en-US"},{"@type":"Person","@id":"https:\/\/conferences.wmu.se\/colp47\/#\/schema\/person\/a277b258faabfe2646f9fdccef5abc6b","name":"suriya","image":{"@type":"ImageObject","inLanguage":"en-US","@id":"https:\/\/conferences.wmu.se\/colp47\/#\/schema\/person\/image\/","url":"https:\/\/secure.gravatar.com\/avatar\/676608873ff7e1788b1f44c09487847c5f3642c6498aba69443a2176f8eb81a0?s=96&d=mm&r=g","contentUrl":"https:\/\/secure.gravatar.com\/avatar\/676608873ff7e1788b1f44c09487847c5f3642c6498aba69443a2176f8eb81a0?s=96&d=mm&r=g","caption":"suriya"},"url":"https:\/\/conferences.wmu.se\/colp47\/author\/suriya\/"}]}},"acf":[],"jetpack_featured_media_url":"https:\/\/conferences.wmu.se\/colp47\/wp-content\/uploads\/sites\/27\/2024\/08\/Arsenio-Antonio-DomA\u0303\u00adnguez-Velasco-Opt-2-scaled-e1726134179523.jpg","_links":{"self":[{"href":"https:\/\/conferences.wmu.se\/colp47\/wp-json\/wp\/v2\/posts\/2521","targetHints":{"allow":["GET"]}}],"collection":[{"href":"https:\/\/conferences.wmu.se\/colp47\/wp-json\/wp\/v2\/posts"}],"about":[{"href":"https:\/\/conferences.wmu.se\/colp47\/wp-json\/wp\/v2\/types\/post"}],"author":[{"embeddable":true,"href":"https:\/\/conferences.wmu.se\/colp47\/wp-json\/wp\/v2\/users\/21"}],"replies":[{"embeddable":true,"href":"https:\/\/conferences.wmu.se\/colp47\/wp-json\/wp\/v2\/comments?post=2521"}],"version-history":[{"count":5,"href":"https:\/\/conferences.wmu.se\/colp47\/wp-json\/wp\/v2\/posts\/2521\/revisions"}],"predecessor-version":[{"id":2942,"href":"https:\/\/conferences.wmu.se\/colp47\/wp-json\/wp\/v2\/posts\/2521\/revisions\/2942"}],"wp:featuredmedia":[{"embeddable":true,"href":"https:\/\/conferences.wmu.se\/colp47\/wp-json\/wp\/v2\/media\/2916"}],"wp:attachment":[{"href":"https:\/\/conferences.wmu.se\/colp47\/wp-json\/wp\/v2\/media?parent=2521"}],"wp:term":[{"taxonomy":"category","embeddable":true,"href":"https:\/\/conferences.wmu.se\/colp47\/wp-json\/wp\/v2\/categories?post=2521"},{"taxonomy":"post_tag","embeddable":true,"href":"https:\/\/conferences.wmu.se\/colp47\/wp-json\/wp\/v2\/tags?post=2521"}],"curies":[{"name":"wp","href":"https:\/\/api.w.org\/{rel}","templated":true}]}}