{"id":2509,"date":"2024-08-20T13:07:15","date_gmt":"2024-08-20T13:07:15","guid":{"rendered":"https:\/\/conferences.wmu.se\/colp47\/?p=2509"},"modified":"2024-09-05T23:06:08","modified_gmt":"2024-09-05T23:06:08","slug":"gabriela-arguello","status":"publish","type":"post","link":"https:\/\/conferences.wmu.se\/colp47\/gabriela-arguello\/","title":{"rendered":"Gabriela Arg\u00fcello"},"content":{"rendered":"\n<p>Associate Senior Lecturer, Department of Law, School of Business, Economics and Law, University of Gothenburg<\/p>\n\n\n\n<p><em>Profesora Asociada Principal, Universidad de Gotemburgo<\/em><\/p>\n\n\n\n<p><strong>Panel 5: Future Oceans I &#8211; Emerging Technologies &amp; Digital Connectivity<\/strong><\/p>\n\n\n\n<hr class=\"wp-block-separator has-alpha-channel-opacity\" \/>\n\n\n\n<blockquote class=\"wp-block-quote is-layout-flow wp-block-quote-is-layout-flow\">\n<p><\/p>\n<\/blockquote>\n\n\n\n<p class=\"has-text-align-left\">Dr. Gabriela Arg\u00fcello is an Associate Senior Lecturer in Environmental Law at the University of Gothenburg and a research fellow financed by The Royal Swedish Academy of Letters, History and Antiquities. Her expertise lies in the law of the sea and ocean governance, with a particular focus on interdisciplinary global environmental challenges related to the oceans that involve multi-scale actors, including states, international organizations, industries, and civil society organizations. Gabriela has conducted extensive research and published on various topics, including waste management, pesticides, ship recycling, ship-source pollution, arctic environments, ocean governance, and energy transitions. Additionally, she serves as a member of the European Marine Board Working Group on Marine Carbon Dioxide Removal (2024-2026) and is a Fulbright Arctic Initiative IV Scholar (2024-2026).<\/p>\n\n\n\n<hr class=\"wp-block-separator has-alpha-channel-opacity\" \/>\n\n\n\n<p>La Dra. Gabriela Arg\u00fcello es profesora asociada de Derecho Ambiental en la Universidad de Gotemburgo e investigadora financiada por la Real Academia Sueca de Letras, Historia y Antig\u00fcedades. Su experiencia radica en el derecho del mar y la gobernanza de los oc\u00e9anos, con un enfoque particular en los desaf\u00edos ambientales globales interdisciplinarios relacionados con los oc\u00e9anos que involucran actores de m\u00faltiples escalas, incluidos estados, organizaciones internacionales, industrias y organizaciones de la sociedad civil. Gabriela ha realizado investigaciones exhaustivas y ha publicado sobre diversos temas, incluida la gesti\u00f3n de residuos, pesticidas, reciclaje de barcos, contaminaci\u00f3n procedente de barcos, entornos \u00e1rticos, gobernanza de los oc\u00e9anos y transiciones energ\u00e9ticas. Adem\u00e1s, es miembro del Grupo de trabajo de la Junta Marina Europea sobre eliminaci\u00f3n de di\u00f3xido de carbono marino (2024-2026) y es becaria Fulbright Arctic Initiative IV (2024-2026).<br><br><\/p>\n","protected":false},"excerpt":{"rendered":"<p>Associate Senior Lecturer, Department of Law, School of Business, Economics and Law, University of Gothenburg Profesora Asociada Principal, Universidad de Gotemburgo Panel 5: Future Oceans I &#8211; Emerging Technologies &amp; Digital Connectivity Dr. Gabriela Arg\u00fcello is an Associate Senior Lecturer in Environmental Law at the University of Gothenburg and a research fellow financed by The [&hellip;]<\/p>\n","protected":false},"author":21,"featured_media":2687,"comment_status":"closed","ping_status":"closed","sticky":false,"template":"","format":"standard","meta":{"_acf_changed":false,"footnotes":""},"categories":[34,5,6],"tags":[],"class_list":["post-2509","post","type-post","status-publish","format-standard","has-post-thumbnail","hentry","category-colp47","category-contributors","category-speaker","post-wrapper","thrv_wrapper"],"yoast_head":"<!-- This site is optimized with the Yoast SEO plugin v27.0 - https:\/\/yoast.com\/product\/yoast-seo-wordpress\/ -->\n<title>Gabriela Arg\u00fcello - 47th Annual Conference on Oceans Law and Policy (COLP47)<\/title>\n<meta name=\"robots\" content=\"index, follow, max-snippet:-1, max-image-preview:large, max-video-preview:-1\" \/>\n<link rel=\"canonical\" href=\"http:\/\/conferences.wmu.se\/colp47\/gabriela-arguello\/\" \/>\n<meta property=\"og:locale\" content=\"en_US\" \/>\n<meta property=\"og:type\" content=\"article\" \/>\n<meta property=\"og:title\" content=\"Gabriela Arg\u00fcello - 47th Annual Conference on Oceans Law and Policy (COLP47)\" \/>\n<meta property=\"og:description\" content=\"Associate Senior Lecturer, Department of Law, School of Business, Economics and Law, University of Gothenburg Profesora Asociada Principal, Universidad de Gotemburgo Panel 5: Future Oceans I &#8211; Emerging Technologies &amp; Digital Connectivity Dr. Gabriela Arg\u00fcello is an Associate Senior Lecturer in Environmental Law at the University of Gothenburg and a research fellow financed by The [&hellip;]\" \/>\n<meta property=\"og:url\" content=\"http:\/\/conferences.wmu.se\/colp47\/gabriela-arguello\/\" \/>\n<meta property=\"og:site_name\" content=\"47th Annual Conference on Oceans Law and Policy (COLP47)\" \/>\n<meta property=\"article:published_time\" content=\"2024-08-20T13:07:15+00:00\" \/>\n<meta property=\"article:modified_time\" content=\"2024-09-05T23:06:08+00:00\" \/>\n<meta property=\"og:image\" content=\"http:\/\/conferences.wmu.se\/colp47\/wp-content\/uploads\/sites\/27\/2024\/08\/Picture1-Gabriela-Arguello-scaled-e1724242730971.jpg\" \/>\n\t<meta property=\"og:image:width\" content=\"1070\" \/>\n\t<meta property=\"og:image:height\" content=\"1164\" \/>\n\t<meta property=\"og:image:type\" content=\"image\/jpeg\" \/>\n<meta name=\"author\" content=\"suriya\" \/>\n<meta name=\"twitter:card\" content=\"summary_large_image\" \/>\n<meta name=\"twitter:label1\" content=\"Written by\" \/>\n\t<meta name=\"twitter:data1\" content=\"suriya\" \/>\n\t<meta name=\"twitter:label2\" content=\"Est. reading time\" \/>\n\t<meta name=\"twitter:data2\" content=\"2 minutes\" \/>\n<script type=\"application\/ld+json\" class=\"yoast-schema-graph\">{\"@context\":\"https:\/\/schema.org\",\"@graph\":[{\"@type\":\"Article\",\"@id\":\"http:\/\/conferences.wmu.se\/colp47\/gabriela-arguello\/#article\",\"isPartOf\":{\"@id\":\"http:\/\/conferences.wmu.se\/colp47\/gabriela-arguello\/\"},\"author\":{\"name\":\"suriya\",\"@id\":\"https:\/\/conferences.wmu.se\/colp47\/#\/schema\/person\/a277b258faabfe2646f9fdccef5abc6b\"},\"headline\":\"Gabriela Arg\u00fcello\",\"datePublished\":\"2024-08-20T13:07:15+00:00\",\"dateModified\":\"2024-09-05T23:06:08+00:00\",\"mainEntityOfPage\":{\"@id\":\"http:\/\/conferences.wmu.se\/colp47\/gabriela-arguello\/\"},\"wordCount\":304,\"image\":{\"@id\":\"http:\/\/conferences.wmu.se\/colp47\/gabriela-arguello\/#primaryimage\"},\"thumbnailUrl\":\"https:\/\/conferences.wmu.se\/colp47\/wp-content\/uploads\/sites\/27\/2024\/08\/Picture1-Gabriela-Arguello-scaled-e1724242730971.jpg\",\"articleSection\":[\"COLP47\",\"Contributors\",\"Speaker\"],\"inLanguage\":\"en-US\"},{\"@type\":\"WebPage\",\"@id\":\"http:\/\/conferences.wmu.se\/colp47\/gabriela-arguello\/\",\"url\":\"http:\/\/conferences.wmu.se\/colp47\/gabriela-arguello\/\",\"name\":\"Gabriela Arg\u00fcello - 47th Annual Conference on Oceans Law and Policy (COLP47)\",\"isPartOf\":{\"@id\":\"https:\/\/conferences.wmu.se\/colp47\/#website\"},\"primaryImageOfPage\":{\"@id\":\"http:\/\/conferences.wmu.se\/colp47\/gabriela-arguello\/#primaryimage\"},\"image\":{\"@id\":\"http:\/\/conferences.wmu.se\/colp47\/gabriela-arguello\/#primaryimage\"},\"thumbnailUrl\":\"https:\/\/conferences.wmu.se\/colp47\/wp-content\/uploads\/sites\/27\/2024\/08\/Picture1-Gabriela-Arguello-scaled-e1724242730971.jpg\",\"datePublished\":\"2024-08-20T13:07:15+00:00\",\"dateModified\":\"2024-09-05T23:06:08+00:00\",\"author\":{\"@id\":\"https:\/\/conferences.wmu.se\/colp47\/#\/schema\/person\/a277b258faabfe2646f9fdccef5abc6b\"},\"breadcrumb\":{\"@id\":\"http:\/\/conferences.wmu.se\/colp47\/gabriela-arguello\/#breadcrumb\"},\"inLanguage\":\"en-US\",\"potentialAction\":[{\"@type\":\"ReadAction\",\"target\":[\"http:\/\/conferences.wmu.se\/colp47\/gabriela-arguello\/\"]}]},{\"@type\":\"ImageObject\",\"inLanguage\":\"en-US\",\"@id\":\"http:\/\/conferences.wmu.se\/colp47\/gabriela-arguello\/#primaryimage\",\"url\":\"https:\/\/conferences.wmu.se\/colp47\/wp-content\/uploads\/sites\/27\/2024\/08\/Picture1-Gabriela-Arguello-scaled-e1724242730971.jpg\",\"contentUrl\":\"https:\/\/conferences.wmu.se\/colp47\/wp-content\/uploads\/sites\/27\/2024\/08\/Picture1-Gabriela-Arguello-scaled-e1724242730971.jpg\",\"width\":1070,\"height\":1164},{\"@type\":\"BreadcrumbList\",\"@id\":\"http:\/\/conferences.wmu.se\/colp47\/gabriela-arguello\/#breadcrumb\",\"itemListElement\":[{\"@type\":\"ListItem\",\"position\":1,\"name\":\"Home\",\"item\":\"https:\/\/conferences.wmu.se\/colp47\/\"},{\"@type\":\"ListItem\",\"position\":2,\"name\":\"Gabriela Arg\u00fcello\"}]},{\"@type\":\"WebSite\",\"@id\":\"https:\/\/conferences.wmu.se\/colp47\/#website\",\"url\":\"https:\/\/conferences.wmu.se\/colp47\/\",\"name\":\"47th Annual Conference on Oceans Law and Policy (COLP47)\",\"description\":\"OCEAN GOVERNANCE IN THE SOUTH PACIFIC AND LATIN AMERICA\",\"potentialAction\":[{\"@type\":\"SearchAction\",\"target\":{\"@type\":\"EntryPoint\",\"urlTemplate\":\"https:\/\/conferences.wmu.se\/colp47\/?s={search_term_string}\"},\"query-input\":{\"@type\":\"PropertyValueSpecification\",\"valueRequired\":true,\"valueName\":\"search_term_string\"}}],\"inLanguage\":\"en-US\"},{\"@type\":\"Person\",\"@id\":\"https:\/\/conferences.wmu.se\/colp47\/#\/schema\/person\/a277b258faabfe2646f9fdccef5abc6b\",\"name\":\"suriya\",\"image\":{\"@type\":\"ImageObject\",\"inLanguage\":\"en-US\",\"@id\":\"https:\/\/conferences.wmu.se\/colp47\/#\/schema\/person\/image\/\",\"url\":\"https:\/\/secure.gravatar.com\/avatar\/676608873ff7e1788b1f44c09487847c5f3642c6498aba69443a2176f8eb81a0?s=96&d=mm&r=g\",\"contentUrl\":\"https:\/\/secure.gravatar.com\/avatar\/676608873ff7e1788b1f44c09487847c5f3642c6498aba69443a2176f8eb81a0?s=96&d=mm&r=g\",\"caption\":\"suriya\"},\"url\":\"https:\/\/conferences.wmu.se\/colp47\/author\/suriya\/\"}]}<\/script>\n<!-- \/ Yoast SEO plugin. -->","yoast_head_json":{"title":"Gabriela Arg\u00fcello - 47th Annual Conference on Oceans Law and Policy (COLP47)","robots":{"index":"index","follow":"follow","max-snippet":"max-snippet:-1","max-image-preview":"max-image-preview:large","max-video-preview":"max-video-preview:-1"},"canonical":"http:\/\/conferences.wmu.se\/colp47\/gabriela-arguello\/","og_locale":"en_US","og_type":"article","og_title":"Gabriela Arg\u00fcello - 47th Annual Conference on Oceans Law and Policy (COLP47)","og_description":"Associate Senior Lecturer, Department of Law, School of Business, Economics and Law, University of Gothenburg Profesora Asociada Principal, Universidad de Gotemburgo Panel 5: Future Oceans I &#8211; Emerging Technologies &amp; Digital Connectivity Dr. Gabriela Arg\u00fcello is an Associate Senior Lecturer in Environmental Law at the University of Gothenburg and a research fellow financed by The [&hellip;]","og_url":"http:\/\/conferences.wmu.se\/colp47\/gabriela-arguello\/","og_site_name":"47th Annual Conference on Oceans Law and Policy (COLP47)","article_published_time":"2024-08-20T13:07:15+00:00","article_modified_time":"2024-09-05T23:06:08+00:00","og_image":[{"width":1070,"height":1164,"url":"http:\/\/conferences.wmu.se\/colp47\/wp-content\/uploads\/sites\/27\/2024\/08\/Picture1-Gabriela-Arguello-scaled-e1724242730971.jpg","type":"image\/jpeg"}],"author":"suriya","twitter_card":"summary_large_image","twitter_misc":{"Written by":"suriya","Est. reading time":"2 minutes"},"schema":{"@context":"https:\/\/schema.org","@graph":[{"@type":"Article","@id":"http:\/\/conferences.wmu.se\/colp47\/gabriela-arguello\/#article","isPartOf":{"@id":"http:\/\/conferences.wmu.se\/colp47\/gabriela-arguello\/"},"author":{"name":"suriya","@id":"https:\/\/conferences.wmu.se\/colp47\/#\/schema\/person\/a277b258faabfe2646f9fdccef5abc6b"},"headline":"Gabriela Arg\u00fcello","datePublished":"2024-08-20T13:07:15+00:00","dateModified":"2024-09-05T23:06:08+00:00","mainEntityOfPage":{"@id":"http:\/\/conferences.wmu.se\/colp47\/gabriela-arguello\/"},"wordCount":304,"image":{"@id":"http:\/\/conferences.wmu.se\/colp47\/gabriela-arguello\/#primaryimage"},"thumbnailUrl":"https:\/\/conferences.wmu.se\/colp47\/wp-content\/uploads\/sites\/27\/2024\/08\/Picture1-Gabriela-Arguello-scaled-e1724242730971.jpg","articleSection":["COLP47","Contributors","Speaker"],"inLanguage":"en-US"},{"@type":"WebPage","@id":"http:\/\/conferences.wmu.se\/colp47\/gabriela-arguello\/","url":"http:\/\/conferences.wmu.se\/colp47\/gabriela-arguello\/","name":"Gabriela Arg\u00fcello - 47th Annual Conference on Oceans Law and Policy (COLP47)","isPartOf":{"@id":"https:\/\/conferences.wmu.se\/colp47\/#website"},"primaryImageOfPage":{"@id":"http:\/\/conferences.wmu.se\/colp47\/gabriela-arguello\/#primaryimage"},"image":{"@id":"http:\/\/conferences.wmu.se\/colp47\/gabriela-arguello\/#primaryimage"},"thumbnailUrl":"https:\/\/conferences.wmu.se\/colp47\/wp-content\/uploads\/sites\/27\/2024\/08\/Picture1-Gabriela-Arguello-scaled-e1724242730971.jpg","datePublished":"2024-08-20T13:07:15+00:00","dateModified":"2024-09-05T23:06:08+00:00","author":{"@id":"https:\/\/conferences.wmu.se\/colp47\/#\/schema\/person\/a277b258faabfe2646f9fdccef5abc6b"},"breadcrumb":{"@id":"http:\/\/conferences.wmu.se\/colp47\/gabriela-arguello\/#breadcrumb"},"inLanguage":"en-US","potentialAction":[{"@type":"ReadAction","target":["http:\/\/conferences.wmu.se\/colp47\/gabriela-arguello\/"]}]},{"@type":"ImageObject","inLanguage":"en-US","@id":"http:\/\/conferences.wmu.se\/colp47\/gabriela-arguello\/#primaryimage","url":"https:\/\/conferences.wmu.se\/colp47\/wp-content\/uploads\/sites\/27\/2024\/08\/Picture1-Gabriela-Arguello-scaled-e1724242730971.jpg","contentUrl":"https:\/\/conferences.wmu.se\/colp47\/wp-content\/uploads\/sites\/27\/2024\/08\/Picture1-Gabriela-Arguello-scaled-e1724242730971.jpg","width":1070,"height":1164},{"@type":"BreadcrumbList","@id":"http:\/\/conferences.wmu.se\/colp47\/gabriela-arguello\/#breadcrumb","itemListElement":[{"@type":"ListItem","position":1,"name":"Home","item":"https:\/\/conferences.wmu.se\/colp47\/"},{"@type":"ListItem","position":2,"name":"Gabriela Arg\u00fcello"}]},{"@type":"WebSite","@id":"https:\/\/conferences.wmu.se\/colp47\/#website","url":"https:\/\/conferences.wmu.se\/colp47\/","name":"47th Annual Conference on Oceans Law and Policy (COLP47)","description":"OCEAN GOVERNANCE IN THE SOUTH PACIFIC AND LATIN AMERICA","potentialAction":[{"@type":"SearchAction","target":{"@type":"EntryPoint","urlTemplate":"https:\/\/conferences.wmu.se\/colp47\/?s={search_term_string}"},"query-input":{"@type":"PropertyValueSpecification","valueRequired":true,"valueName":"search_term_string"}}],"inLanguage":"en-US"},{"@type":"Person","@id":"https:\/\/conferences.wmu.se\/colp47\/#\/schema\/person\/a277b258faabfe2646f9fdccef5abc6b","name":"suriya","image":{"@type":"ImageObject","inLanguage":"en-US","@id":"https:\/\/conferences.wmu.se\/colp47\/#\/schema\/person\/image\/","url":"https:\/\/secure.gravatar.com\/avatar\/676608873ff7e1788b1f44c09487847c5f3642c6498aba69443a2176f8eb81a0?s=96&d=mm&r=g","contentUrl":"https:\/\/secure.gravatar.com\/avatar\/676608873ff7e1788b1f44c09487847c5f3642c6498aba69443a2176f8eb81a0?s=96&d=mm&r=g","caption":"suriya"},"url":"https:\/\/conferences.wmu.se\/colp47\/author\/suriya\/"}]}},"acf":[],"jetpack_featured_media_url":"https:\/\/conferences.wmu.se\/colp47\/wp-content\/uploads\/sites\/27\/2024\/08\/Picture1-Gabriela-Arguello-scaled-e1724242730971.jpg","_links":{"self":[{"href":"https:\/\/conferences.wmu.se\/colp47\/wp-json\/wp\/v2\/posts\/2509","targetHints":{"allow":["GET"]}}],"collection":[{"href":"https:\/\/conferences.wmu.se\/colp47\/wp-json\/wp\/v2\/posts"}],"about":[{"href":"https:\/\/conferences.wmu.se\/colp47\/wp-json\/wp\/v2\/types\/post"}],"author":[{"embeddable":true,"href":"https:\/\/conferences.wmu.se\/colp47\/wp-json\/wp\/v2\/users\/21"}],"replies":[{"embeddable":true,"href":"https:\/\/conferences.wmu.se\/colp47\/wp-json\/wp\/v2\/comments?post=2509"}],"version-history":[{"count":9,"href":"https:\/\/conferences.wmu.se\/colp47\/wp-json\/wp\/v2\/posts\/2509\/revisions"}],"predecessor-version":[{"id":2848,"href":"https:\/\/conferences.wmu.se\/colp47\/wp-json\/wp\/v2\/posts\/2509\/revisions\/2848"}],"wp:featuredmedia":[{"embeddable":true,"href":"https:\/\/conferences.wmu.se\/colp47\/wp-json\/wp\/v2\/media\/2687"}],"wp:attachment":[{"href":"https:\/\/conferences.wmu.se\/colp47\/wp-json\/wp\/v2\/media?parent=2509"}],"wp:term":[{"taxonomy":"category","embeddable":true,"href":"https:\/\/conferences.wmu.se\/colp47\/wp-json\/wp\/v2\/categories?post=2509"},{"taxonomy":"post_tag","embeddable":true,"href":"https:\/\/conferences.wmu.se\/colp47\/wp-json\/wp\/v2\/tags?post=2509"}],"curies":[{"name":"wp","href":"https:\/\/api.w.org\/{rel}","templated":true}]}}