{"id":2467,"date":"2024-08-20T13:08:00","date_gmt":"2024-08-20T13:08:00","guid":{"rendered":"https:\/\/conferences.wmu.se\/colp47\/?p=2467"},"modified":"2024-09-05T22:42:54","modified_gmt":"2024-09-05T22:42:54","slug":"vladimir-jares","status":"publish","type":"post","link":"https:\/\/conferences.wmu.se\/colp47\/vladimir-jares\/","title":{"rendered":"Vladimir Jares"},"content":{"rendered":"<p>Director, Division for Ocean Affairs and the Law of the Sea (DOALOS)<\/p>\n<p><em><span style=\"font-weight: 400\">Director, Divisi\u00f3n de Asuntos Oce\u00e1nicos y del Derecho del Mar (DOALOS), Oficina de Asuntos Jur\u00eddicos de la Secretar\u00eda de las Naciones Unidas<\/span><\/em><\/p>\n<p><b>Panel 7: Future Oceans III &#8211; National Laws and Policies<\/b><\/p>\n\n\n<hr class=\"wp-block-separator has-alpha-channel-opacity\" \/>\n\n\n\n<p>Mr. Vladimir Jares is the Director of the Division for Ocean Affairs and the Law of the Sea (DOALOS), Office of Legal Affairs of the United Nations Secretariat. He has been a staff member of the United Nations Secretariat since December 1992.<br><\/p>\n\n\n\n<p>During his more than three-decade long career at the Division, he had a large variety of responsibilities, initially dealing with fisheries issues in the context of the United Nations Conference on Straddling Fish Stocks and Highly Migratory Fish Stocks. Thereafter, he was a member of the team which deals with issues related to maritime spaces. He served for many years as the Secretary of the Commission on the Limits of the Continental Shelf. He oversaw the development of the website of the Division and was the editor of the Law of the Sea Bulletin. He was involved, in various capacities, in supporting the work of intergovernmental processes serviced by the Division, most recently as the Secretary of the Intergovernmental Conference on an international legally binding instrument under the United Nations Convention on the Law of the Sea on the conservation and sustainable use of marine biological diversity of areas beyond national jurisdiction.<\/p>\n\n\n\n<p><br>He continues to be involved in capacity-building activities of the Division and has delivered numerous lectures on topics related to ocean affairs and the law of the sea. Prior to his career of an international civil servant, he was in diplomatic services of Czechoslovakia.<\/p>\n\n\n\n<hr class=\"wp-block-separator has-alpha-channel-opacity\" \/>\n\n\n\n<p>El Sr. Vladimir Jares es el Director de la Divisi\u00f3n de Asuntos Oce\u00e1nicos y del Derecho del Mar (DOALOS), Oficina de Asuntos Jur\u00eddicos de la Secretar\u00eda de las Naciones Unidas. Ha sido miembro del personal de la Secretar\u00eda de las Naciones Unidas desde diciembre de 1992.<\/p>\n\n\n\n<p>Durante su carrera de m\u00e1s de tres d\u00e9cadas en la Divisi\u00f3n, tuvo una gran variedad de responsabilidades, inicialmente ocup\u00e1ndose de cuestiones pesqueras en el contexto de la Conferencia de las Naciones Unidas sobre las poblaciones de peces transzonales y las poblaciones de peces altamente migratorios. Posteriormente, fue miembro del equipo que se ocup\u00f3 de cuestiones relacionadas con los espacios mar\u00edtimos.&nbsp; Se desempe\u00f1\u00f3 durante muchos a\u00f1os como Secretario de la Comisi\u00f3n de L\u00edmites de la Plataforma Continental.<\/p>\n\n\n\n<p>Supervis\u00f3 el desarrollo del sitio web de la Divisi\u00f3n y fue el editor del Law of the Sea Bulletin. Particip\u00f3, en diversas capacidades, en el apoyo a la labor de los procesos intergubernamentales atendidos por la Divisi\u00f3n, m\u00e1s recientemente como Secretario de la Conferencia Intergubernamental sobre un instrumento internacional jur\u00eddicamente vinculante en virtud de la Convenci\u00f3n de las Naciones Unidas sobre el Derecho del Mar sobre la conservaci\u00f3n y uso sostenible de la diversidad biol\u00f3gica marina de \u00e1reas fuera de la jurisdicci\u00f3n nacional. Contin\u00faa participando en actividades de creaci\u00f3n de capacidad de la Divisi\u00f3n y ha pronunciado numerosas conferencias sobre temas relacionados con los asuntos oce\u00e1nicos y el derecho del mar.<\/p>\n\n\n\n<p>Antes de su carrera como funcionario internacional, trabaj\u00f3 en los servicios diplom\u00e1ticos de Checoslovaquia.<\/p>\n","protected":false},"excerpt":{"rendered":"<p>Director, Division for Ocean Affairs and the Law of the Sea (DOALOS) Director, Divisi\u00f3n de Asuntos Oce\u00e1nicos y del Derecho del Mar (DOALOS), Oficina de Asuntos Jur\u00eddicos de la Secretar\u00eda de las Naciones Unidas Panel 7: Future Oceans III &#8211; National Laws and Policies Mr. Vladimir Jares is the Director of the Division for Ocean [&hellip;]<\/p>\n","protected":false},"author":21,"featured_media":2753,"comment_status":"closed","ping_status":"closed","sticky":false,"template":"","format":"standard","meta":{"_acf_changed":false,"footnotes":""},"categories":[34,5,7],"tags":[],"class_list":["post-2467","post","type-post","status-publish","format-standard","has-post-thumbnail","hentry","category-colp47","category-contributors","category-moderators","post-wrapper","thrv_wrapper"],"yoast_head":"<!-- This site is optimized with the Yoast SEO plugin v27.0 - https:\/\/yoast.com\/product\/yoast-seo-wordpress\/ -->\n<title>Vladimir Jares - 47th Annual Conference on Oceans Law and Policy (COLP47)<\/title>\n<meta name=\"robots\" content=\"index, follow, max-snippet:-1, max-image-preview:large, max-video-preview:-1\" \/>\n<link rel=\"canonical\" href=\"https:\/\/conferences.wmu.se\/colp47\/vladimir-jares\/\" \/>\n<meta property=\"og:locale\" content=\"en_US\" \/>\n<meta property=\"og:type\" content=\"article\" \/>\n<meta property=\"og:title\" content=\"Vladimir Jares - 47th Annual Conference on Oceans Law and Policy (COLP47)\" \/>\n<meta property=\"og:description\" content=\"Director, Division for Ocean Affairs and the Law of the Sea (DOALOS) Director, Divisi\u00f3n de Asuntos Oce\u00e1nicos y del Derecho del Mar (DOALOS), Oficina de Asuntos Jur\u00eddicos de la Secretar\u00eda de las Naciones Unidas Panel 7: Future Oceans III &#8211; National Laws and Policies Mr. Vladimir Jares is the Director of the Division for Ocean [&hellip;]\" \/>\n<meta property=\"og:url\" content=\"https:\/\/conferences.wmu.se\/colp47\/vladimir-jares\/\" \/>\n<meta property=\"og:site_name\" content=\"47th Annual Conference on Oceans Law and Policy (COLP47)\" \/>\n<meta property=\"article:published_time\" content=\"2024-08-20T13:08:00+00:00\" \/>\n<meta property=\"article:modified_time\" content=\"2024-09-05T22:42:54+00:00\" \/>\n<meta property=\"og:image\" content=\"https:\/\/conferences.wmu.se\/colp47\/wp-content\/uploads\/sites\/27\/2024\/08\/IMG_0278-Vladimir-Jares.jpeg\" \/>\n\t<meta property=\"og:image:width\" content=\"1688\" \/>\n\t<meta property=\"og:image:height\" content=\"1688\" \/>\n\t<meta property=\"og:image:type\" content=\"image\/jpeg\" \/>\n<meta name=\"author\" content=\"suriya\" \/>\n<meta name=\"twitter:card\" content=\"summary_large_image\" \/>\n<meta name=\"twitter:label1\" content=\"Written by\" \/>\n\t<meta name=\"twitter:data1\" content=\"suriya\" \/>\n\t<meta name=\"twitter:label2\" content=\"Est. reading time\" \/>\n\t<meta name=\"twitter:data2\" content=\"3 minutes\" \/>\n<script type=\"application\/ld+json\" class=\"yoast-schema-graph\">{\"@context\":\"https:\/\/schema.org\",\"@graph\":[{\"@type\":\"Article\",\"@id\":\"https:\/\/conferences.wmu.se\/colp47\/vladimir-jares\/#article\",\"isPartOf\":{\"@id\":\"https:\/\/conferences.wmu.se\/colp47\/vladimir-jares\/\"},\"author\":{\"name\":\"suriya\",\"@id\":\"https:\/\/conferences.wmu.se\/colp47\/#\/schema\/person\/a277b258faabfe2646f9fdccef5abc6b\"},\"headline\":\"Vladimir Jares\",\"datePublished\":\"2024-08-20T13:08:00+00:00\",\"dateModified\":\"2024-09-05T22:42:54+00:00\",\"mainEntityOfPage\":{\"@id\":\"https:\/\/conferences.wmu.se\/colp47\/vladimir-jares\/\"},\"wordCount\":559,\"image\":{\"@id\":\"https:\/\/conferences.wmu.se\/colp47\/vladimir-jares\/#primaryimage\"},\"thumbnailUrl\":\"https:\/\/conferences.wmu.se\/colp47\/wp-content\/uploads\/sites\/27\/2024\/08\/IMG_0278-Vladimir-Jares.jpeg\",\"articleSection\":[\"COLP47\",\"Contributors\",\"Moderators\"],\"inLanguage\":\"en-US\"},{\"@type\":\"WebPage\",\"@id\":\"https:\/\/conferences.wmu.se\/colp47\/vladimir-jares\/\",\"url\":\"https:\/\/conferences.wmu.se\/colp47\/vladimir-jares\/\",\"name\":\"Vladimir Jares - 47th Annual Conference on Oceans Law and Policy (COLP47)\",\"isPartOf\":{\"@id\":\"https:\/\/conferences.wmu.se\/colp47\/#website\"},\"primaryImageOfPage\":{\"@id\":\"https:\/\/conferences.wmu.se\/colp47\/vladimir-jares\/#primaryimage\"},\"image\":{\"@id\":\"https:\/\/conferences.wmu.se\/colp47\/vladimir-jares\/#primaryimage\"},\"thumbnailUrl\":\"https:\/\/conferences.wmu.se\/colp47\/wp-content\/uploads\/sites\/27\/2024\/08\/IMG_0278-Vladimir-Jares.jpeg\",\"datePublished\":\"2024-08-20T13:08:00+00:00\",\"dateModified\":\"2024-09-05T22:42:54+00:00\",\"author\":{\"@id\":\"https:\/\/conferences.wmu.se\/colp47\/#\/schema\/person\/a277b258faabfe2646f9fdccef5abc6b\"},\"breadcrumb\":{\"@id\":\"https:\/\/conferences.wmu.se\/colp47\/vladimir-jares\/#breadcrumb\"},\"inLanguage\":\"en-US\",\"potentialAction\":[{\"@type\":\"ReadAction\",\"target\":[\"https:\/\/conferences.wmu.se\/colp47\/vladimir-jares\/\"]}]},{\"@type\":\"ImageObject\",\"inLanguage\":\"en-US\",\"@id\":\"https:\/\/conferences.wmu.se\/colp47\/vladimir-jares\/#primaryimage\",\"url\":\"https:\/\/conferences.wmu.se\/colp47\/wp-content\/uploads\/sites\/27\/2024\/08\/IMG_0278-Vladimir-Jares.jpeg\",\"contentUrl\":\"https:\/\/conferences.wmu.se\/colp47\/wp-content\/uploads\/sites\/27\/2024\/08\/IMG_0278-Vladimir-Jares.jpeg\",\"width\":1688,\"height\":1688},{\"@type\":\"BreadcrumbList\",\"@id\":\"https:\/\/conferences.wmu.se\/colp47\/vladimir-jares\/#breadcrumb\",\"itemListElement\":[{\"@type\":\"ListItem\",\"position\":1,\"name\":\"Home\",\"item\":\"https:\/\/conferences.wmu.se\/colp47\/\"},{\"@type\":\"ListItem\",\"position\":2,\"name\":\"Vladimir Jares\"}]},{\"@type\":\"WebSite\",\"@id\":\"https:\/\/conferences.wmu.se\/colp47\/#website\",\"url\":\"https:\/\/conferences.wmu.se\/colp47\/\",\"name\":\"47th Annual Conference on Oceans Law and Policy (COLP47)\",\"description\":\"OCEAN GOVERNANCE IN THE SOUTH PACIFIC AND LATIN AMERICA\",\"potentialAction\":[{\"@type\":\"SearchAction\",\"target\":{\"@type\":\"EntryPoint\",\"urlTemplate\":\"https:\/\/conferences.wmu.se\/colp47\/?s={search_term_string}\"},\"query-input\":{\"@type\":\"PropertyValueSpecification\",\"valueRequired\":true,\"valueName\":\"search_term_string\"}}],\"inLanguage\":\"en-US\"},{\"@type\":\"Person\",\"@id\":\"https:\/\/conferences.wmu.se\/colp47\/#\/schema\/person\/a277b258faabfe2646f9fdccef5abc6b\",\"name\":\"suriya\",\"image\":{\"@type\":\"ImageObject\",\"inLanguage\":\"en-US\",\"@id\":\"https:\/\/conferences.wmu.se\/colp47\/#\/schema\/person\/image\/\",\"url\":\"https:\/\/secure.gravatar.com\/avatar\/676608873ff7e1788b1f44c09487847c5f3642c6498aba69443a2176f8eb81a0?s=96&d=mm&r=g\",\"contentUrl\":\"https:\/\/secure.gravatar.com\/avatar\/676608873ff7e1788b1f44c09487847c5f3642c6498aba69443a2176f8eb81a0?s=96&d=mm&r=g\",\"caption\":\"suriya\"},\"url\":\"https:\/\/conferences.wmu.se\/colp47\/author\/suriya\/\"}]}<\/script>\n<!-- \/ Yoast SEO plugin. -->","yoast_head_json":{"title":"Vladimir Jares - 47th Annual Conference on Oceans Law and Policy (COLP47)","robots":{"index":"index","follow":"follow","max-snippet":"max-snippet:-1","max-image-preview":"max-image-preview:large","max-video-preview":"max-video-preview:-1"},"canonical":"https:\/\/conferences.wmu.se\/colp47\/vladimir-jares\/","og_locale":"en_US","og_type":"article","og_title":"Vladimir Jares - 47th Annual Conference on Oceans Law and Policy (COLP47)","og_description":"Director, Division for Ocean Affairs and the Law of the Sea (DOALOS) Director, Divisi\u00f3n de Asuntos Oce\u00e1nicos y del Derecho del Mar (DOALOS), Oficina de Asuntos Jur\u00eddicos de la Secretar\u00eda de las Naciones Unidas Panel 7: Future Oceans III &#8211; National Laws and Policies Mr. Vladimir Jares is the Director of the Division for Ocean [&hellip;]","og_url":"https:\/\/conferences.wmu.se\/colp47\/vladimir-jares\/","og_site_name":"47th Annual Conference on Oceans Law and Policy (COLP47)","article_published_time":"2024-08-20T13:08:00+00:00","article_modified_time":"2024-09-05T22:42:54+00:00","og_image":[{"width":1688,"height":1688,"url":"https:\/\/conferences.wmu.se\/colp47\/wp-content\/uploads\/sites\/27\/2024\/08\/IMG_0278-Vladimir-Jares.jpeg","type":"image\/jpeg"}],"author":"suriya","twitter_card":"summary_large_image","twitter_misc":{"Written by":"suriya","Est. reading time":"3 minutes"},"schema":{"@context":"https:\/\/schema.org","@graph":[{"@type":"Article","@id":"https:\/\/conferences.wmu.se\/colp47\/vladimir-jares\/#article","isPartOf":{"@id":"https:\/\/conferences.wmu.se\/colp47\/vladimir-jares\/"},"author":{"name":"suriya","@id":"https:\/\/conferences.wmu.se\/colp47\/#\/schema\/person\/a277b258faabfe2646f9fdccef5abc6b"},"headline":"Vladimir Jares","datePublished":"2024-08-20T13:08:00+00:00","dateModified":"2024-09-05T22:42:54+00:00","mainEntityOfPage":{"@id":"https:\/\/conferences.wmu.se\/colp47\/vladimir-jares\/"},"wordCount":559,"image":{"@id":"https:\/\/conferences.wmu.se\/colp47\/vladimir-jares\/#primaryimage"},"thumbnailUrl":"https:\/\/conferences.wmu.se\/colp47\/wp-content\/uploads\/sites\/27\/2024\/08\/IMG_0278-Vladimir-Jares.jpeg","articleSection":["COLP47","Contributors","Moderators"],"inLanguage":"en-US"},{"@type":"WebPage","@id":"https:\/\/conferences.wmu.se\/colp47\/vladimir-jares\/","url":"https:\/\/conferences.wmu.se\/colp47\/vladimir-jares\/","name":"Vladimir Jares - 47th Annual Conference on Oceans Law and Policy (COLP47)","isPartOf":{"@id":"https:\/\/conferences.wmu.se\/colp47\/#website"},"primaryImageOfPage":{"@id":"https:\/\/conferences.wmu.se\/colp47\/vladimir-jares\/#primaryimage"},"image":{"@id":"https:\/\/conferences.wmu.se\/colp47\/vladimir-jares\/#primaryimage"},"thumbnailUrl":"https:\/\/conferences.wmu.se\/colp47\/wp-content\/uploads\/sites\/27\/2024\/08\/IMG_0278-Vladimir-Jares.jpeg","datePublished":"2024-08-20T13:08:00+00:00","dateModified":"2024-09-05T22:42:54+00:00","author":{"@id":"https:\/\/conferences.wmu.se\/colp47\/#\/schema\/person\/a277b258faabfe2646f9fdccef5abc6b"},"breadcrumb":{"@id":"https:\/\/conferences.wmu.se\/colp47\/vladimir-jares\/#breadcrumb"},"inLanguage":"en-US","potentialAction":[{"@type":"ReadAction","target":["https:\/\/conferences.wmu.se\/colp47\/vladimir-jares\/"]}]},{"@type":"ImageObject","inLanguage":"en-US","@id":"https:\/\/conferences.wmu.se\/colp47\/vladimir-jares\/#primaryimage","url":"https:\/\/conferences.wmu.se\/colp47\/wp-content\/uploads\/sites\/27\/2024\/08\/IMG_0278-Vladimir-Jares.jpeg","contentUrl":"https:\/\/conferences.wmu.se\/colp47\/wp-content\/uploads\/sites\/27\/2024\/08\/IMG_0278-Vladimir-Jares.jpeg","width":1688,"height":1688},{"@type":"BreadcrumbList","@id":"https:\/\/conferences.wmu.se\/colp47\/vladimir-jares\/#breadcrumb","itemListElement":[{"@type":"ListItem","position":1,"name":"Home","item":"https:\/\/conferences.wmu.se\/colp47\/"},{"@type":"ListItem","position":2,"name":"Vladimir Jares"}]},{"@type":"WebSite","@id":"https:\/\/conferences.wmu.se\/colp47\/#website","url":"https:\/\/conferences.wmu.se\/colp47\/","name":"47th Annual Conference on Oceans Law and Policy (COLP47)","description":"OCEAN GOVERNANCE IN THE SOUTH PACIFIC AND LATIN AMERICA","potentialAction":[{"@type":"SearchAction","target":{"@type":"EntryPoint","urlTemplate":"https:\/\/conferences.wmu.se\/colp47\/?s={search_term_string}"},"query-input":{"@type":"PropertyValueSpecification","valueRequired":true,"valueName":"search_term_string"}}],"inLanguage":"en-US"},{"@type":"Person","@id":"https:\/\/conferences.wmu.se\/colp47\/#\/schema\/person\/a277b258faabfe2646f9fdccef5abc6b","name":"suriya","image":{"@type":"ImageObject","inLanguage":"en-US","@id":"https:\/\/conferences.wmu.se\/colp47\/#\/schema\/person\/image\/","url":"https:\/\/secure.gravatar.com\/avatar\/676608873ff7e1788b1f44c09487847c5f3642c6498aba69443a2176f8eb81a0?s=96&d=mm&r=g","contentUrl":"https:\/\/secure.gravatar.com\/avatar\/676608873ff7e1788b1f44c09487847c5f3642c6498aba69443a2176f8eb81a0?s=96&d=mm&r=g","caption":"suriya"},"url":"https:\/\/conferences.wmu.se\/colp47\/author\/suriya\/"}]}},"acf":[],"jetpack_featured_media_url":"https:\/\/conferences.wmu.se\/colp47\/wp-content\/uploads\/sites\/27\/2024\/08\/IMG_0278-Vladimir-Jares.jpeg","_links":{"self":[{"href":"https:\/\/conferences.wmu.se\/colp47\/wp-json\/wp\/v2\/posts\/2467","targetHints":{"allow":["GET"]}}],"collection":[{"href":"https:\/\/conferences.wmu.se\/colp47\/wp-json\/wp\/v2\/posts"}],"about":[{"href":"https:\/\/conferences.wmu.se\/colp47\/wp-json\/wp\/v2\/types\/post"}],"author":[{"embeddable":true,"href":"https:\/\/conferences.wmu.se\/colp47\/wp-json\/wp\/v2\/users\/21"}],"replies":[{"embeddable":true,"href":"https:\/\/conferences.wmu.se\/colp47\/wp-json\/wp\/v2\/comments?post=2467"}],"version-history":[{"count":6,"href":"https:\/\/conferences.wmu.se\/colp47\/wp-json\/wp\/v2\/posts\/2467\/revisions"}],"predecessor-version":[{"id":2844,"href":"https:\/\/conferences.wmu.se\/colp47\/wp-json\/wp\/v2\/posts\/2467\/revisions\/2844"}],"wp:featuredmedia":[{"embeddable":true,"href":"https:\/\/conferences.wmu.se\/colp47\/wp-json\/wp\/v2\/media\/2753"}],"wp:attachment":[{"href":"https:\/\/conferences.wmu.se\/colp47\/wp-json\/wp\/v2\/media?parent=2467"}],"wp:term":[{"taxonomy":"category","embeddable":true,"href":"https:\/\/conferences.wmu.se\/colp47\/wp-json\/wp\/v2\/categories?post=2467"},{"taxonomy":"post_tag","embeddable":true,"href":"https:\/\/conferences.wmu.se\/colp47\/wp-json\/wp\/v2\/tags?post=2467"}],"curies":[{"name":"wp","href":"https:\/\/api.w.org\/{rel}","templated":true}]}}