{"id":2464,"date":"2024-08-20T13:08:00","date_gmt":"2024-08-20T13:08:00","guid":{"rendered":"https:\/\/conferences.wmu.se\/colp47\/?p=2464"},"modified":"2024-09-16T17:41:35","modified_gmt":"2024-09-16T17:41:35","slug":"miriam-sara-repetto","status":"publish","type":"post","link":"https:\/\/conferences.wmu.se\/colp47\/miriam-sara-repetto\/","title":{"rendered":"Miriam Sara Repetto"},"content":{"rendered":"<p>International Consultant<\/p>\n<p><span style=\"font-weight: 400\">Consutora Internacional<\/span><\/p>\n<p><b>Panel 6: Future Ocean 2 &#8211; Ocean Governance, Human Rights, and Non-State Actors<\/b><\/p>\n\n\n<hr class=\"wp-block-separator has-alpha-channel-opacity\" \/>\n\n\n\n<p>Lawyer from the Pontifical Catholic University of Peru with a master&#8217;s degree in international maritime law from the International Maritime Law Institute of Malta.<\/p>\n\n\n\n<p>With 24 years of experience in the maritime port and transportation sector, she has worked in both the public and private sectors, in the Peruvian Maritime Authority, in the Peruvian National Port Authority, in law firms specialized in infrastructure and transportation issues, matters maritime, fishing, logistics, among others.&nbsp; She is an international arbitrator of the Madrid International Arbitration Center (CIAM) and the American Chamber of Commerce of Peru (AMCHAM). She has also been a founding partner and President of Wista Per\u00fa, WISTA (Women&#8217;s International Shipping and Trading Association) during the period from 2018 to 2021 and Vice President of the Peruvian Branch of the Ibero-American Institute of Maritime Law from 2020 to 2022.<\/p>\n\n\n\n<p>In the last two years, she served as Senior Legal and Corporate Affairs Director of DP World Peru. She currently works as legal manager for the concessionaire company of the peripheral road ring in Peru.<\/p>\n\n\n\n<hr class=\"wp-block-separator has-alpha-channel-opacity\" \/>\n\n\n\n<p>Abogada de la Pontificia Universidad Cat\u00f3lica del Per\u00fa con una maestr\u00eda en derecho maritimo internacional en el International Mar\u00edtime Law Institute de Malta.<\/p>\n\n\n\n<p>Con&nbsp; 24 a\u00f1os de experiencia en el sector mar\u00edtimo portuario y de transporte, ha trabajado tanto en el sector p\u00fablico como privado, en la Autoridad Mar\u00edtima Peruana,&nbsp; en la Autoridad Portuaria Nacional Peruana, en Estudios de abogados especializados en temas de infraestructura y transporte, asuntos mar\u00edtimos,&nbsp; pesqueros, log\u00edsticos, entre otros.&nbsp; Es \u00e1rbitro internacional del Centro Internacional de Arbitraje de Madrid (CIAM) y de la C\u00e1mara de Comercio Americana del Per\u00fa (AMCHAM). Ha sido tambi\u00e9n socia fundadora y Presidenta de Wista Per\u00fa, WISTA ((Women\u00b4s International Shipping and Trading Association) durante el periodo de 2018 al 2021 y Vice Presidente de la Rama Peruana del Instituto Iberoamericano de Derecho Mar\u00edtimo del 2020 al 2022.<\/p>\n\n\n\n<p>En los \u00faltimos dos a\u00f1os se desempe\u00f1\u00f3 como&nbsp; Directora Senior Legal y de Asuntos Corporativos de DP World Per\u00fa. Actualmente se desempe\u00f1a como Gerente legal de la sociedad concesionaria del anillo vial perif\u00e9rico en Per\u00fa.&nbsp;<\/p>\n","protected":false},"excerpt":{"rendered":"<p>International Consultant Consutora Internacional Panel 6: Future Ocean 2 &#8211; Ocean Governance, Human Rights, and Non-State Actors Lawyer from the Pontifical Catholic University of Peru with a master&#8217;s degree in international maritime law from the International Maritime Law Institute of Malta. With 24 years of experience in the maritime port and transportation sector, she has [&hellip;]<\/p>\n","protected":false},"author":21,"featured_media":2977,"comment_status":"closed","ping_status":"closed","sticky":false,"template":"","format":"standard","meta":{"_acf_changed":false,"footnotes":""},"categories":[34,13],"tags":[],"class_list":["post-2464","post","type-post","status-publish","format-standard","has-post-thumbnail","hentry","category-colp47","category-rapporteur","post-wrapper","thrv_wrapper"],"yoast_head":"<!-- This site is optimized with the Yoast SEO plugin v27.0 - https:\/\/yoast.com\/product\/yoast-seo-wordpress\/ -->\n<title>Miriam Sara Repetto - 47th Annual Conference on Oceans Law and Policy (COLP47)<\/title>\n<meta name=\"robots\" content=\"index, follow, max-snippet:-1, max-image-preview:large, max-video-preview:-1\" \/>\n<link rel=\"canonical\" href=\"https:\/\/conferences.wmu.se\/colp47\/miriam-sara-repetto\/\" \/>\n<meta property=\"og:locale\" content=\"en_US\" \/>\n<meta property=\"og:type\" content=\"article\" \/>\n<meta property=\"og:title\" content=\"Miriam Sara Repetto - 47th Annual Conference on Oceans Law and Policy (COLP47)\" \/>\n<meta property=\"og:description\" content=\"International Consultant Consutora Internacional Panel 6: Future Ocean 2 &#8211; Ocean Governance, Human Rights, and Non-State Actors Lawyer from the Pontifical Catholic University of Peru with a master&#8217;s degree in international maritime law from the International Maritime Law Institute of Malta. With 24 years of experience in the maritime port and transportation sector, she has [&hellip;]\" \/>\n<meta property=\"og:url\" content=\"https:\/\/conferences.wmu.se\/colp47\/miriam-sara-repetto\/\" \/>\n<meta property=\"og:site_name\" content=\"47th Annual Conference on Oceans Law and Policy (COLP47)\" \/>\n<meta property=\"article:published_time\" content=\"2024-08-20T13:08:00+00:00\" \/>\n<meta property=\"article:modified_time\" content=\"2024-09-16T17:41:35+00:00\" \/>\n<meta property=\"og:image\" content=\"https:\/\/conferences.wmu.se\/colp47\/wp-content\/uploads\/sites\/27\/2024\/08\/Miriam-Sara-scaled-e1726508366386.jpg\" \/>\n\t<meta property=\"og:image:width\" content=\"1706\" \/>\n\t<meta property=\"og:image:height\" content=\"1625\" \/>\n\t<meta property=\"og:image:type\" content=\"image\/jpeg\" \/>\n<meta name=\"author\" content=\"suriya\" \/>\n<meta name=\"twitter:card\" content=\"summary_large_image\" \/>\n<meta name=\"twitter:label1\" content=\"Written by\" \/>\n\t<meta name=\"twitter:data1\" content=\"suriya\" \/>\n\t<meta name=\"twitter:label2\" content=\"Est. reading time\" \/>\n\t<meta name=\"twitter:data2\" content=\"1 minute\" \/>\n<script type=\"application\/ld+json\" class=\"yoast-schema-graph\">{\"@context\":\"https:\/\/schema.org\",\"@graph\":[{\"@type\":\"Article\",\"@id\":\"https:\/\/conferences.wmu.se\/colp47\/miriam-sara-repetto\/#article\",\"isPartOf\":{\"@id\":\"https:\/\/conferences.wmu.se\/colp47\/miriam-sara-repetto\/\"},\"author\":{\"name\":\"suriya\",\"@id\":\"https:\/\/conferences.wmu.se\/colp47\/#\/schema\/person\/a277b258faabfe2646f9fdccef5abc6b\"},\"headline\":\"Miriam Sara Repetto\",\"datePublished\":\"2024-08-20T13:08:00+00:00\",\"dateModified\":\"2024-09-16T17:41:35+00:00\",\"mainEntityOfPage\":{\"@id\":\"https:\/\/conferences.wmu.se\/colp47\/miriam-sara-repetto\/\"},\"wordCount\":375,\"image\":{\"@id\":\"https:\/\/conferences.wmu.se\/colp47\/miriam-sara-repetto\/#primaryimage\"},\"thumbnailUrl\":\"https:\/\/conferences.wmu.se\/colp47\/wp-content\/uploads\/sites\/27\/2024\/08\/Miriam-Sara-scaled-e1726508366386.jpg\",\"articleSection\":[\"COLP47\",\"Rapporteur\"],\"inLanguage\":\"en-US\"},{\"@type\":\"WebPage\",\"@id\":\"https:\/\/conferences.wmu.se\/colp47\/miriam-sara-repetto\/\",\"url\":\"https:\/\/conferences.wmu.se\/colp47\/miriam-sara-repetto\/\",\"name\":\"Miriam Sara Repetto - 47th Annual Conference on Oceans Law and Policy (COLP47)\",\"isPartOf\":{\"@id\":\"https:\/\/conferences.wmu.se\/colp47\/#website\"},\"primaryImageOfPage\":{\"@id\":\"https:\/\/conferences.wmu.se\/colp47\/miriam-sara-repetto\/#primaryimage\"},\"image\":{\"@id\":\"https:\/\/conferences.wmu.se\/colp47\/miriam-sara-repetto\/#primaryimage\"},\"thumbnailUrl\":\"https:\/\/conferences.wmu.se\/colp47\/wp-content\/uploads\/sites\/27\/2024\/08\/Miriam-Sara-scaled-e1726508366386.jpg\",\"datePublished\":\"2024-08-20T13:08:00+00:00\",\"dateModified\":\"2024-09-16T17:41:35+00:00\",\"author\":{\"@id\":\"https:\/\/conferences.wmu.se\/colp47\/#\/schema\/person\/a277b258faabfe2646f9fdccef5abc6b\"},\"breadcrumb\":{\"@id\":\"https:\/\/conferences.wmu.se\/colp47\/miriam-sara-repetto\/#breadcrumb\"},\"inLanguage\":\"en-US\",\"potentialAction\":[{\"@type\":\"ReadAction\",\"target\":[\"https:\/\/conferences.wmu.se\/colp47\/miriam-sara-repetto\/\"]}]},{\"@type\":\"ImageObject\",\"inLanguage\":\"en-US\",\"@id\":\"https:\/\/conferences.wmu.se\/colp47\/miriam-sara-repetto\/#primaryimage\",\"url\":\"https:\/\/conferences.wmu.se\/colp47\/wp-content\/uploads\/sites\/27\/2024\/08\/Miriam-Sara-scaled-e1726508366386.jpg\",\"contentUrl\":\"https:\/\/conferences.wmu.se\/colp47\/wp-content\/uploads\/sites\/27\/2024\/08\/Miriam-Sara-scaled-e1726508366386.jpg\",\"width\":1706,\"height\":1625},{\"@type\":\"BreadcrumbList\",\"@id\":\"https:\/\/conferences.wmu.se\/colp47\/miriam-sara-repetto\/#breadcrumb\",\"itemListElement\":[{\"@type\":\"ListItem\",\"position\":1,\"name\":\"Home\",\"item\":\"https:\/\/conferences.wmu.se\/colp47\/\"},{\"@type\":\"ListItem\",\"position\":2,\"name\":\"Miriam Sara Repetto\"}]},{\"@type\":\"WebSite\",\"@id\":\"https:\/\/conferences.wmu.se\/colp47\/#website\",\"url\":\"https:\/\/conferences.wmu.se\/colp47\/\",\"name\":\"47th Annual Conference on Oceans Law and Policy (COLP47)\",\"description\":\"OCEAN GOVERNANCE IN THE SOUTH PACIFIC AND LATIN AMERICA\",\"potentialAction\":[{\"@type\":\"SearchAction\",\"target\":{\"@type\":\"EntryPoint\",\"urlTemplate\":\"https:\/\/conferences.wmu.se\/colp47\/?s={search_term_string}\"},\"query-input\":{\"@type\":\"PropertyValueSpecification\",\"valueRequired\":true,\"valueName\":\"search_term_string\"}}],\"inLanguage\":\"en-US\"},{\"@type\":\"Person\",\"@id\":\"https:\/\/conferences.wmu.se\/colp47\/#\/schema\/person\/a277b258faabfe2646f9fdccef5abc6b\",\"name\":\"suriya\",\"image\":{\"@type\":\"ImageObject\",\"inLanguage\":\"en-US\",\"@id\":\"https:\/\/conferences.wmu.se\/colp47\/#\/schema\/person\/image\/\",\"url\":\"https:\/\/secure.gravatar.com\/avatar\/676608873ff7e1788b1f44c09487847c5f3642c6498aba69443a2176f8eb81a0?s=96&d=mm&r=g\",\"contentUrl\":\"https:\/\/secure.gravatar.com\/avatar\/676608873ff7e1788b1f44c09487847c5f3642c6498aba69443a2176f8eb81a0?s=96&d=mm&r=g\",\"caption\":\"suriya\"},\"url\":\"https:\/\/conferences.wmu.se\/colp47\/author\/suriya\/\"}]}<\/script>\n<!-- \/ Yoast SEO plugin. -->","yoast_head_json":{"title":"Miriam Sara Repetto - 47th Annual Conference on Oceans Law and Policy (COLP47)","robots":{"index":"index","follow":"follow","max-snippet":"max-snippet:-1","max-image-preview":"max-image-preview:large","max-video-preview":"max-video-preview:-1"},"canonical":"https:\/\/conferences.wmu.se\/colp47\/miriam-sara-repetto\/","og_locale":"en_US","og_type":"article","og_title":"Miriam Sara Repetto - 47th Annual Conference on Oceans Law and Policy (COLP47)","og_description":"International Consultant Consutora Internacional Panel 6: Future Ocean 2 &#8211; Ocean Governance, Human Rights, and Non-State Actors Lawyer from the Pontifical Catholic University of Peru with a master&#8217;s degree in international maritime law from the International Maritime Law Institute of Malta. With 24 years of experience in the maritime port and transportation sector, she has [&hellip;]","og_url":"https:\/\/conferences.wmu.se\/colp47\/miriam-sara-repetto\/","og_site_name":"47th Annual Conference on Oceans Law and Policy (COLP47)","article_published_time":"2024-08-20T13:08:00+00:00","article_modified_time":"2024-09-16T17:41:35+00:00","og_image":[{"width":1706,"height":1625,"url":"https:\/\/conferences.wmu.se\/colp47\/wp-content\/uploads\/sites\/27\/2024\/08\/Miriam-Sara-scaled-e1726508366386.jpg","type":"image\/jpeg"}],"author":"suriya","twitter_card":"summary_large_image","twitter_misc":{"Written by":"suriya","Est. reading time":"1 minute"},"schema":{"@context":"https:\/\/schema.org","@graph":[{"@type":"Article","@id":"https:\/\/conferences.wmu.se\/colp47\/miriam-sara-repetto\/#article","isPartOf":{"@id":"https:\/\/conferences.wmu.se\/colp47\/miriam-sara-repetto\/"},"author":{"name":"suriya","@id":"https:\/\/conferences.wmu.se\/colp47\/#\/schema\/person\/a277b258faabfe2646f9fdccef5abc6b"},"headline":"Miriam Sara Repetto","datePublished":"2024-08-20T13:08:00+00:00","dateModified":"2024-09-16T17:41:35+00:00","mainEntityOfPage":{"@id":"https:\/\/conferences.wmu.se\/colp47\/miriam-sara-repetto\/"},"wordCount":375,"image":{"@id":"https:\/\/conferences.wmu.se\/colp47\/miriam-sara-repetto\/#primaryimage"},"thumbnailUrl":"https:\/\/conferences.wmu.se\/colp47\/wp-content\/uploads\/sites\/27\/2024\/08\/Miriam-Sara-scaled-e1726508366386.jpg","articleSection":["COLP47","Rapporteur"],"inLanguage":"en-US"},{"@type":"WebPage","@id":"https:\/\/conferences.wmu.se\/colp47\/miriam-sara-repetto\/","url":"https:\/\/conferences.wmu.se\/colp47\/miriam-sara-repetto\/","name":"Miriam Sara Repetto - 47th Annual Conference on Oceans Law and Policy (COLP47)","isPartOf":{"@id":"https:\/\/conferences.wmu.se\/colp47\/#website"},"primaryImageOfPage":{"@id":"https:\/\/conferences.wmu.se\/colp47\/miriam-sara-repetto\/#primaryimage"},"image":{"@id":"https:\/\/conferences.wmu.se\/colp47\/miriam-sara-repetto\/#primaryimage"},"thumbnailUrl":"https:\/\/conferences.wmu.se\/colp47\/wp-content\/uploads\/sites\/27\/2024\/08\/Miriam-Sara-scaled-e1726508366386.jpg","datePublished":"2024-08-20T13:08:00+00:00","dateModified":"2024-09-16T17:41:35+00:00","author":{"@id":"https:\/\/conferences.wmu.se\/colp47\/#\/schema\/person\/a277b258faabfe2646f9fdccef5abc6b"},"breadcrumb":{"@id":"https:\/\/conferences.wmu.se\/colp47\/miriam-sara-repetto\/#breadcrumb"},"inLanguage":"en-US","potentialAction":[{"@type":"ReadAction","target":["https:\/\/conferences.wmu.se\/colp47\/miriam-sara-repetto\/"]}]},{"@type":"ImageObject","inLanguage":"en-US","@id":"https:\/\/conferences.wmu.se\/colp47\/miriam-sara-repetto\/#primaryimage","url":"https:\/\/conferences.wmu.se\/colp47\/wp-content\/uploads\/sites\/27\/2024\/08\/Miriam-Sara-scaled-e1726508366386.jpg","contentUrl":"https:\/\/conferences.wmu.se\/colp47\/wp-content\/uploads\/sites\/27\/2024\/08\/Miriam-Sara-scaled-e1726508366386.jpg","width":1706,"height":1625},{"@type":"BreadcrumbList","@id":"https:\/\/conferences.wmu.se\/colp47\/miriam-sara-repetto\/#breadcrumb","itemListElement":[{"@type":"ListItem","position":1,"name":"Home","item":"https:\/\/conferences.wmu.se\/colp47\/"},{"@type":"ListItem","position":2,"name":"Miriam Sara Repetto"}]},{"@type":"WebSite","@id":"https:\/\/conferences.wmu.se\/colp47\/#website","url":"https:\/\/conferences.wmu.se\/colp47\/","name":"47th Annual Conference on Oceans Law and Policy (COLP47)","description":"OCEAN GOVERNANCE IN THE SOUTH PACIFIC AND LATIN AMERICA","potentialAction":[{"@type":"SearchAction","target":{"@type":"EntryPoint","urlTemplate":"https:\/\/conferences.wmu.se\/colp47\/?s={search_term_string}"},"query-input":{"@type":"PropertyValueSpecification","valueRequired":true,"valueName":"search_term_string"}}],"inLanguage":"en-US"},{"@type":"Person","@id":"https:\/\/conferences.wmu.se\/colp47\/#\/schema\/person\/a277b258faabfe2646f9fdccef5abc6b","name":"suriya","image":{"@type":"ImageObject","inLanguage":"en-US","@id":"https:\/\/conferences.wmu.se\/colp47\/#\/schema\/person\/image\/","url":"https:\/\/secure.gravatar.com\/avatar\/676608873ff7e1788b1f44c09487847c5f3642c6498aba69443a2176f8eb81a0?s=96&d=mm&r=g","contentUrl":"https:\/\/secure.gravatar.com\/avatar\/676608873ff7e1788b1f44c09487847c5f3642c6498aba69443a2176f8eb81a0?s=96&d=mm&r=g","caption":"suriya"},"url":"https:\/\/conferences.wmu.se\/colp47\/author\/suriya\/"}]}},"acf":[],"jetpack_featured_media_url":"https:\/\/conferences.wmu.se\/colp47\/wp-content\/uploads\/sites\/27\/2024\/08\/Miriam-Sara-scaled-e1726508366386.jpg","_links":{"self":[{"href":"https:\/\/conferences.wmu.se\/colp47\/wp-json\/wp\/v2\/posts\/2464","targetHints":{"allow":["GET"]}}],"collection":[{"href":"https:\/\/conferences.wmu.se\/colp47\/wp-json\/wp\/v2\/posts"}],"about":[{"href":"https:\/\/conferences.wmu.se\/colp47\/wp-json\/wp\/v2\/types\/post"}],"author":[{"embeddable":true,"href":"https:\/\/conferences.wmu.se\/colp47\/wp-json\/wp\/v2\/users\/21"}],"replies":[{"embeddable":true,"href":"https:\/\/conferences.wmu.se\/colp47\/wp-json\/wp\/v2\/comments?post=2464"}],"version-history":[{"count":4,"href":"https:\/\/conferences.wmu.se\/colp47\/wp-json\/wp\/v2\/posts\/2464\/revisions"}],"predecessor-version":[{"id":2979,"href":"https:\/\/conferences.wmu.se\/colp47\/wp-json\/wp\/v2\/posts\/2464\/revisions\/2979"}],"wp:featuredmedia":[{"embeddable":true,"href":"https:\/\/conferences.wmu.se\/colp47\/wp-json\/wp\/v2\/media\/2977"}],"wp:attachment":[{"href":"https:\/\/conferences.wmu.se\/colp47\/wp-json\/wp\/v2\/media?parent=2464"}],"wp:term":[{"taxonomy":"category","embeddable":true,"href":"https:\/\/conferences.wmu.se\/colp47\/wp-json\/wp\/v2\/categories?post=2464"},{"taxonomy":"post_tag","embeddable":true,"href":"https:\/\/conferences.wmu.se\/colp47\/wp-json\/wp\/v2\/tags?post=2464"}],"curies":[{"name":"wp","href":"https:\/\/api.w.org\/{rel}","templated":true}]}}