{"id":2447,"date":"2024-08-20T13:07:59","date_gmt":"2024-08-20T13:07:59","guid":{"rendered":"https:\/\/conferences.wmu.se\/colp47\/?p=2447"},"modified":"2024-09-05T22:36:13","modified_gmt":"2024-09-05T22:36:13","slug":"kubra-var-turk","status":"publish","type":"post","link":"https:\/\/conferences.wmu.se\/colp47\/kubra-var-turk\/","title":{"rendered":"K\u00fcbra Var T\u00fcrk"},"content":{"rendered":"<p>Assistant Professor, Ankara University Faculty of Law Maritime Law Department<\/p>\n<p><em><span style=\"font-weight: 400\">Profesora Asistente, Facultad de Derecho, Universidad de Ankara<\/span><\/em><\/p>\n<p><b>Panel 5: Future Oceans 1 &#8211; Emerging Technologies &amp; Digital Connectivity<\/b><\/p>\n\n\n<hr class=\"wp-block-separator has-alpha-channel-opacity\" \/>\n\n\n\n<p>Dr. Var T\u00fcrk is a graduate of Ba\u015fkent University (LL.B., with a first degree) and Ankara University (LL.M., Ph.D.). She was appointed research assistant of maritime law and the law of the sea at the Ankara University Faculty of Law Maritime Law and the Law of the Sea Department in 2012. She has retained the title of assistant professor at the same faculty since 2023. During her LL.M., she spent a research period at the University of London Institute ofAdvanced Legal Studies, and during her Ph.D., she spent a research period at Tulane University.<\/p>\n\n\n\n<p>She is co-editor of Legal Status of Submarine Cables, Pipelines and ABNJ (2017); The Legal Regime of Underwater Cultural Heritage and Marine Scientific Research (2020); T\u00fcrkiye&#8217;s Rights over Marine Energy Resources in the World (2024). She is the author of Ta\u015f\u0131ma Hukukunda E\u015fya \u00dczerinde Tasarruf Hakk\u0131 (The Right of Control in Law on Carriage of Goods) (2023).<\/p>\n\n\n\n<hr class=\"wp-block-separator has-alpha-channel-opacity\" \/>\n\n\n\n<p>La Dr. Var T\u00fcrk se gradu\u00f3 de la Universidad de Ba\u015fkent (LL.B., con primer t\u00edtulo) y de la Universidad de Ankara (LL.M., Ph.D.). Fue nombrada asistente de investigaci\u00f3n de derecho mar\u00edtimo y derecho del mar en la Facultad de Derecho de la Universidad de Ankara, Departamento de Derecho Mar\u00edtimo y Derecho del Mar en 2012. Ha conservado el t\u00edtulo de profesora asistente en la misma facultad desde 2023. Durante su LL.M., pas\u00f3 un per\u00edodo de investigaci\u00f3n en el Instituto de Estudios Jur\u00eddicos Avanzados de la Universidad de Londres &nbsp; y durante su doctorado pas\u00f3 un per\u00edodo de investigaci\u00f3n en la Universidad de Tulane.<\/p>\n\n\n\n<p>Es coeditora del Estado Jur\u00eddico de los Cables Submarinos y las ZFJN (2017); El R\u00e9gimen Jur\u00eddico del Patrimonio Cultural Subacu\u00e1tico y de la Investigaci\u00f3n Cient\u00edfica Marina (2020); Los derechos de T\u00fcrkiye sobre los recursos energ\u00e9ticos marinos en el mundo (2024). Es autora de Ta\u015f\u0131ma Hukukunda E\u015fya \u00dczerinde Tasarruf Hakk\u0131 (El derecho de control en la legislaci\u00f3n sobre transporte de mercanc\u00edas) (2023).<\/p>\n","protected":false},"excerpt":{"rendered":"<p>Assistant Professor, Ankara University Faculty of Law Maritime Law Department Profesora Asistente, Facultad de Derecho, Universidad de Ankara Panel 5: Future Oceans 1 &#8211; Emerging Technologies &amp; Digital Connectivity Dr. Var T\u00fcrk is a graduate of Ba\u015fkent University (LL.B., with a first degree) and Ankara University (LL.M., Ph.D.). She was appointed research assistant of maritime [&hellip;]<\/p>\n","protected":false},"author":21,"featured_media":2448,"comment_status":"closed","ping_status":"closed","sticky":false,"template":"","format":"standard","meta":{"_acf_changed":false,"footnotes":""},"categories":[34,5,6],"tags":[],"class_list":["post-2447","post","type-post","status-publish","format-standard","has-post-thumbnail","hentry","category-colp47","category-contributors","category-speaker","post-wrapper","thrv_wrapper"],"yoast_head":"<!-- This site is optimized with the Yoast SEO plugin v27.0 - https:\/\/yoast.com\/product\/yoast-seo-wordpress\/ -->\n<title>K\u00fcbra Var T\u00fcrk - 47th Annual Conference on Oceans Law and Policy (COLP47)<\/title>\n<meta name=\"robots\" content=\"index, follow, max-snippet:-1, max-image-preview:large, max-video-preview:-1\" \/>\n<link rel=\"canonical\" href=\"http:\/\/conferences.wmu.se\/colp47\/kubra-var-turk\/\" \/>\n<meta property=\"og:locale\" content=\"en_US\" \/>\n<meta property=\"og:type\" content=\"article\" \/>\n<meta property=\"og:title\" content=\"K\u00fcbra Var T\u00fcrk - 47th Annual Conference on Oceans Law and Policy (COLP47)\" \/>\n<meta property=\"og:description\" content=\"Assistant Professor, Ankara University Faculty of Law Maritime Law Department Profesora Asistente, Facultad de Derecho, Universidad de Ankara Panel 5: Future Oceans 1 &#8211; Emerging Technologies &amp; Digital Connectivity Dr. Var T\u00fcrk is a graduate of Ba\u015fkent University (LL.B., with a first degree) and Ankara University (LL.M., Ph.D.). She was appointed research assistant of maritime [&hellip;]\" \/>\n<meta property=\"og:url\" content=\"http:\/\/conferences.wmu.se\/colp47\/kubra-var-turk\/\" \/>\n<meta property=\"og:site_name\" content=\"47th Annual Conference on Oceans Law and Policy (COLP47)\" \/>\n<meta property=\"article:published_time\" content=\"2024-08-20T13:07:59+00:00\" \/>\n<meta property=\"article:modified_time\" content=\"2024-09-05T22:36:13+00:00\" \/>\n<meta property=\"og:image\" content=\"http:\/\/conferences.wmu.se\/colp47\/wp-content\/uploads\/sites\/27\/2024\/08\/IMG_2964-KA\u0303\u00bcbra-Var.jpeg\" \/>\n\t<meta property=\"og:image:width\" content=\"956\" \/>\n\t<meta property=\"og:image:height\" content=\"1000\" \/>\n\t<meta property=\"og:image:type\" content=\"image\/jpeg\" \/>\n<meta name=\"author\" content=\"suriya\" \/>\n<meta name=\"twitter:card\" content=\"summary_large_image\" \/>\n<meta name=\"twitter:label1\" content=\"Written by\" \/>\n\t<meta name=\"twitter:data1\" content=\"suriya\" \/>\n\t<meta name=\"twitter:label2\" content=\"Est. reading time\" \/>\n\t<meta name=\"twitter:data2\" content=\"2 minutes\" \/>\n<script type=\"application\/ld+json\" class=\"yoast-schema-graph\">{\"@context\":\"https:\/\/schema.org\",\"@graph\":[{\"@type\":\"Article\",\"@id\":\"http:\/\/conferences.wmu.se\/colp47\/kubra-var-turk\/#article\",\"isPartOf\":{\"@id\":\"http:\/\/conferences.wmu.se\/colp47\/kubra-var-turk\/\"},\"author\":{\"name\":\"suriya\",\"@id\":\"https:\/\/conferences.wmu.se\/colp47\/#\/schema\/person\/a277b258faabfe2646f9fdccef5abc6b\"},\"headline\":\"K\u00fcbra Var T\u00fcrk\",\"datePublished\":\"2024-08-20T13:07:59+00:00\",\"dateModified\":\"2024-09-05T22:36:13+00:00\",\"mainEntityOfPage\":{\"@id\":\"http:\/\/conferences.wmu.se\/colp47\/kubra-var-turk\/\"},\"wordCount\":374,\"image\":{\"@id\":\"http:\/\/conferences.wmu.se\/colp47\/kubra-var-turk\/#primaryimage\"},\"thumbnailUrl\":\"https:\/\/conferences.wmu.se\/colp47\/wp-content\/uploads\/sites\/27\/2024\/08\/IMG_2964-KA\u0303\u00bcbra-Var.jpeg\",\"articleSection\":[\"COLP47\",\"Contributors\",\"Speaker\"],\"inLanguage\":\"en-US\"},{\"@type\":\"WebPage\",\"@id\":\"http:\/\/conferences.wmu.se\/colp47\/kubra-var-turk\/\",\"url\":\"http:\/\/conferences.wmu.se\/colp47\/kubra-var-turk\/\",\"name\":\"K\u00fcbra Var T\u00fcrk - 47th Annual Conference on Oceans Law and Policy (COLP47)\",\"isPartOf\":{\"@id\":\"https:\/\/conferences.wmu.se\/colp47\/#website\"},\"primaryImageOfPage\":{\"@id\":\"http:\/\/conferences.wmu.se\/colp47\/kubra-var-turk\/#primaryimage\"},\"image\":{\"@id\":\"http:\/\/conferences.wmu.se\/colp47\/kubra-var-turk\/#primaryimage\"},\"thumbnailUrl\":\"https:\/\/conferences.wmu.se\/colp47\/wp-content\/uploads\/sites\/27\/2024\/08\/IMG_2964-KA\u0303\u00bcbra-Var.jpeg\",\"datePublished\":\"2024-08-20T13:07:59+00:00\",\"dateModified\":\"2024-09-05T22:36:13+00:00\",\"author\":{\"@id\":\"https:\/\/conferences.wmu.se\/colp47\/#\/schema\/person\/a277b258faabfe2646f9fdccef5abc6b\"},\"breadcrumb\":{\"@id\":\"http:\/\/conferences.wmu.se\/colp47\/kubra-var-turk\/#breadcrumb\"},\"inLanguage\":\"en-US\",\"potentialAction\":[{\"@type\":\"ReadAction\",\"target\":[\"http:\/\/conferences.wmu.se\/colp47\/kubra-var-turk\/\"]}]},{\"@type\":\"ImageObject\",\"inLanguage\":\"en-US\",\"@id\":\"http:\/\/conferences.wmu.se\/colp47\/kubra-var-turk\/#primaryimage\",\"url\":\"https:\/\/conferences.wmu.se\/colp47\/wp-content\/uploads\/sites\/27\/2024\/08\/IMG_2964-KA\u0303\u00bcbra-Var.jpeg\",\"contentUrl\":\"https:\/\/conferences.wmu.se\/colp47\/wp-content\/uploads\/sites\/27\/2024\/08\/IMG_2964-KA\u0303\u00bcbra-Var.jpeg\",\"width\":956,\"height\":1000},{\"@type\":\"BreadcrumbList\",\"@id\":\"http:\/\/conferences.wmu.se\/colp47\/kubra-var-turk\/#breadcrumb\",\"itemListElement\":[{\"@type\":\"ListItem\",\"position\":1,\"name\":\"Home\",\"item\":\"https:\/\/conferences.wmu.se\/colp47\/\"},{\"@type\":\"ListItem\",\"position\":2,\"name\":\"K\u00fcbra Var T\u00fcrk\"}]},{\"@type\":\"WebSite\",\"@id\":\"https:\/\/conferences.wmu.se\/colp47\/#website\",\"url\":\"https:\/\/conferences.wmu.se\/colp47\/\",\"name\":\"47th Annual Conference on Oceans Law and Policy (COLP47)\",\"description\":\"OCEAN GOVERNANCE IN THE SOUTH PACIFIC AND LATIN AMERICA\",\"potentialAction\":[{\"@type\":\"SearchAction\",\"target\":{\"@type\":\"EntryPoint\",\"urlTemplate\":\"https:\/\/conferences.wmu.se\/colp47\/?s={search_term_string}\"},\"query-input\":{\"@type\":\"PropertyValueSpecification\",\"valueRequired\":true,\"valueName\":\"search_term_string\"}}],\"inLanguage\":\"en-US\"},{\"@type\":\"Person\",\"@id\":\"https:\/\/conferences.wmu.se\/colp47\/#\/schema\/person\/a277b258faabfe2646f9fdccef5abc6b\",\"name\":\"suriya\",\"image\":{\"@type\":\"ImageObject\",\"inLanguage\":\"en-US\",\"@id\":\"https:\/\/conferences.wmu.se\/colp47\/#\/schema\/person\/image\/\",\"url\":\"https:\/\/secure.gravatar.com\/avatar\/676608873ff7e1788b1f44c09487847c5f3642c6498aba69443a2176f8eb81a0?s=96&d=mm&r=g\",\"contentUrl\":\"https:\/\/secure.gravatar.com\/avatar\/676608873ff7e1788b1f44c09487847c5f3642c6498aba69443a2176f8eb81a0?s=96&d=mm&r=g\",\"caption\":\"suriya\"},\"url\":\"https:\/\/conferences.wmu.se\/colp47\/author\/suriya\/\"}]}<\/script>\n<!-- \/ Yoast SEO plugin. -->","yoast_head_json":{"title":"K\u00fcbra Var T\u00fcrk - 47th Annual Conference on Oceans Law and Policy (COLP47)","robots":{"index":"index","follow":"follow","max-snippet":"max-snippet:-1","max-image-preview":"max-image-preview:large","max-video-preview":"max-video-preview:-1"},"canonical":"http:\/\/conferences.wmu.se\/colp47\/kubra-var-turk\/","og_locale":"en_US","og_type":"article","og_title":"K\u00fcbra Var T\u00fcrk - 47th Annual Conference on Oceans Law and Policy (COLP47)","og_description":"Assistant Professor, Ankara University Faculty of Law Maritime Law Department Profesora Asistente, Facultad de Derecho, Universidad de Ankara Panel 5: Future Oceans 1 &#8211; Emerging Technologies &amp; Digital Connectivity Dr. Var T\u00fcrk is a graduate of Ba\u015fkent University (LL.B., with a first degree) and Ankara University (LL.M., Ph.D.). She was appointed research assistant of maritime [&hellip;]","og_url":"http:\/\/conferences.wmu.se\/colp47\/kubra-var-turk\/","og_site_name":"47th Annual Conference on Oceans Law and Policy (COLP47)","article_published_time":"2024-08-20T13:07:59+00:00","article_modified_time":"2024-09-05T22:36:13+00:00","og_image":[{"width":956,"height":1000,"url":"http:\/\/conferences.wmu.se\/colp47\/wp-content\/uploads\/sites\/27\/2024\/08\/IMG_2964-KA\u0303\u00bcbra-Var.jpeg","type":"image\/jpeg"}],"author":"suriya","twitter_card":"summary_large_image","twitter_misc":{"Written by":"suriya","Est. reading time":"2 minutes"},"schema":{"@context":"https:\/\/schema.org","@graph":[{"@type":"Article","@id":"http:\/\/conferences.wmu.se\/colp47\/kubra-var-turk\/#article","isPartOf":{"@id":"http:\/\/conferences.wmu.se\/colp47\/kubra-var-turk\/"},"author":{"name":"suriya","@id":"https:\/\/conferences.wmu.se\/colp47\/#\/schema\/person\/a277b258faabfe2646f9fdccef5abc6b"},"headline":"K\u00fcbra Var T\u00fcrk","datePublished":"2024-08-20T13:07:59+00:00","dateModified":"2024-09-05T22:36:13+00:00","mainEntityOfPage":{"@id":"http:\/\/conferences.wmu.se\/colp47\/kubra-var-turk\/"},"wordCount":374,"image":{"@id":"http:\/\/conferences.wmu.se\/colp47\/kubra-var-turk\/#primaryimage"},"thumbnailUrl":"https:\/\/conferences.wmu.se\/colp47\/wp-content\/uploads\/sites\/27\/2024\/08\/IMG_2964-KA\u0303\u00bcbra-Var.jpeg","articleSection":["COLP47","Contributors","Speaker"],"inLanguage":"en-US"},{"@type":"WebPage","@id":"http:\/\/conferences.wmu.se\/colp47\/kubra-var-turk\/","url":"http:\/\/conferences.wmu.se\/colp47\/kubra-var-turk\/","name":"K\u00fcbra Var T\u00fcrk - 47th Annual Conference on Oceans Law and Policy (COLP47)","isPartOf":{"@id":"https:\/\/conferences.wmu.se\/colp47\/#website"},"primaryImageOfPage":{"@id":"http:\/\/conferences.wmu.se\/colp47\/kubra-var-turk\/#primaryimage"},"image":{"@id":"http:\/\/conferences.wmu.se\/colp47\/kubra-var-turk\/#primaryimage"},"thumbnailUrl":"https:\/\/conferences.wmu.se\/colp47\/wp-content\/uploads\/sites\/27\/2024\/08\/IMG_2964-KA\u0303\u00bcbra-Var.jpeg","datePublished":"2024-08-20T13:07:59+00:00","dateModified":"2024-09-05T22:36:13+00:00","author":{"@id":"https:\/\/conferences.wmu.se\/colp47\/#\/schema\/person\/a277b258faabfe2646f9fdccef5abc6b"},"breadcrumb":{"@id":"http:\/\/conferences.wmu.se\/colp47\/kubra-var-turk\/#breadcrumb"},"inLanguage":"en-US","potentialAction":[{"@type":"ReadAction","target":["http:\/\/conferences.wmu.se\/colp47\/kubra-var-turk\/"]}]},{"@type":"ImageObject","inLanguage":"en-US","@id":"http:\/\/conferences.wmu.se\/colp47\/kubra-var-turk\/#primaryimage","url":"https:\/\/conferences.wmu.se\/colp47\/wp-content\/uploads\/sites\/27\/2024\/08\/IMG_2964-KA\u0303\u00bcbra-Var.jpeg","contentUrl":"https:\/\/conferences.wmu.se\/colp47\/wp-content\/uploads\/sites\/27\/2024\/08\/IMG_2964-KA\u0303\u00bcbra-Var.jpeg","width":956,"height":1000},{"@type":"BreadcrumbList","@id":"http:\/\/conferences.wmu.se\/colp47\/kubra-var-turk\/#breadcrumb","itemListElement":[{"@type":"ListItem","position":1,"name":"Home","item":"https:\/\/conferences.wmu.se\/colp47\/"},{"@type":"ListItem","position":2,"name":"K\u00fcbra Var T\u00fcrk"}]},{"@type":"WebSite","@id":"https:\/\/conferences.wmu.se\/colp47\/#website","url":"https:\/\/conferences.wmu.se\/colp47\/","name":"47th Annual Conference on Oceans Law and Policy (COLP47)","description":"OCEAN GOVERNANCE IN THE SOUTH PACIFIC AND LATIN AMERICA","potentialAction":[{"@type":"SearchAction","target":{"@type":"EntryPoint","urlTemplate":"https:\/\/conferences.wmu.se\/colp47\/?s={search_term_string}"},"query-input":{"@type":"PropertyValueSpecification","valueRequired":true,"valueName":"search_term_string"}}],"inLanguage":"en-US"},{"@type":"Person","@id":"https:\/\/conferences.wmu.se\/colp47\/#\/schema\/person\/a277b258faabfe2646f9fdccef5abc6b","name":"suriya","image":{"@type":"ImageObject","inLanguage":"en-US","@id":"https:\/\/conferences.wmu.se\/colp47\/#\/schema\/person\/image\/","url":"https:\/\/secure.gravatar.com\/avatar\/676608873ff7e1788b1f44c09487847c5f3642c6498aba69443a2176f8eb81a0?s=96&d=mm&r=g","contentUrl":"https:\/\/secure.gravatar.com\/avatar\/676608873ff7e1788b1f44c09487847c5f3642c6498aba69443a2176f8eb81a0?s=96&d=mm&r=g","caption":"suriya"},"url":"https:\/\/conferences.wmu.se\/colp47\/author\/suriya\/"}]}},"acf":[],"jetpack_featured_media_url":"https:\/\/conferences.wmu.se\/colp47\/wp-content\/uploads\/sites\/27\/2024\/08\/IMG_2964-KA\u0303\u00bcbra-Var.jpeg","_links":{"self":[{"href":"https:\/\/conferences.wmu.se\/colp47\/wp-json\/wp\/v2\/posts\/2447","targetHints":{"allow":["GET"]}}],"collection":[{"href":"https:\/\/conferences.wmu.se\/colp47\/wp-json\/wp\/v2\/posts"}],"about":[{"href":"https:\/\/conferences.wmu.se\/colp47\/wp-json\/wp\/v2\/types\/post"}],"author":[{"embeddable":true,"href":"https:\/\/conferences.wmu.se\/colp47\/wp-json\/wp\/v2\/users\/21"}],"replies":[{"embeddable":true,"href":"https:\/\/conferences.wmu.se\/colp47\/wp-json\/wp\/v2\/comments?post=2447"}],"version-history":[{"count":6,"href":"https:\/\/conferences.wmu.se\/colp47\/wp-json\/wp\/v2\/posts\/2447\/revisions"}],"predecessor-version":[{"id":2839,"href":"https:\/\/conferences.wmu.se\/colp47\/wp-json\/wp\/v2\/posts\/2447\/revisions\/2839"}],"wp:featuredmedia":[{"embeddable":true,"href":"https:\/\/conferences.wmu.se\/colp47\/wp-json\/wp\/v2\/media\/2448"}],"wp:attachment":[{"href":"https:\/\/conferences.wmu.se\/colp47\/wp-json\/wp\/v2\/media?parent=2447"}],"wp:term":[{"taxonomy":"category","embeddable":true,"href":"https:\/\/conferences.wmu.se\/colp47\/wp-json\/wp\/v2\/categories?post=2447"},{"taxonomy":"post_tag","embeddable":true,"href":"https:\/\/conferences.wmu.se\/colp47\/wp-json\/wp\/v2\/tags?post=2447"}],"curies":[{"name":"wp","href":"https:\/\/api.w.org\/{rel}","templated":true}]}}