{"id":2396,"date":"2024-08-20T13:08:13","date_gmt":"2024-08-20T13:08:13","guid":{"rendered":"https:\/\/conferences.wmu.se\/colp47\/?p=2396"},"modified":"2024-09-12T11:07:34","modified_gmt":"2024-09-12T11:07:34","slug":"gian-pierre-campos-maza","status":"publish","type":"post","link":"https:\/\/conferences.wmu.se\/colp47\/gian-pierre-campos-maza\/","title":{"rendered":"Gian Pierre Campos Maza"},"content":{"rendered":"<p><span style=\"font-weight: 400\">General Consul at the Consulate General of Peru in Buenos Aires<\/span><\/p>\n<p><span style=\"font-weight: 400\">C\u00f3nsul General Adjunto en el Consulado General del Per\u00fa en Buenos Aires<\/span><\/p>\n\n\n<hr class=\"wp-block-separator has-alpha-channel-opacity\" \/>\n\n\n\n<p>Mr Campos Maza is a Counsellor in the Foreign Service of Peru and is currently the General Consul at the Consulate General of Peru in Buenos Aires. He has served in the Permanent Representation of Peru to UNESCO and in the Embassy of Peru in Ecuador. Additionally, Mr Campos Maza has held positions in the Directorate for Maritime Affairs, in the Directorate for Antarctic Affairs and in the Directorate for International Economic Negotiations at the Ministry of Foreign Affairs of Peru.<\/p>\n\n\n\n<p>Mr Campos Maza studied Law and Political Sciences at National University of San Marcos. He holds a Master\u2019s degree in Diplomacy and International Relations from the Diplomatic Academy of Peru. He has graduated from the United Nations Programme-Nippon Foundation, from the National Oceanography Centre (Southampton University), from the Rhodes Academy of Ocean Law and Policy, and from the Negotiation and Leadership program at Harvard University. He has participated in Law of the Sea courses at NOVA University Lisbon, at the British Institute of International and Comparative Law, at Austral University, and&nbsp; at the University of A Coru\u00f1a. He has been a university professor of Law of the Sea until 2023. He is an associate member of the Peruvian Society of International Law.<\/p>\n\n\n\n<hr class=\"wp-block-separator has-alpha-channel-opacity\" \/>\n\n\n\n<p>Consejero en el Servicio Diplom\u00e1tico del Per\u00fa. Es C\u00f3nsul General Adjunto en el Consulado General del Per\u00fa en Buenos Aires. Ha cumplido funciones en la Representaci\u00f3n Permanente del Per\u00fa ante UNESCO y en la Embajada de Per\u00fa en Ecuador. Tambi\u00e9n en la Direcci\u00f3n de Asuntos Mar\u00edtimos, en la Direcci\u00f3n de Asuntos Ant\u00e1rticos y en la Direcci\u00f3n de Negociaciones Econ\u00f3micas Internacionales del Ministerio de Relaciones Exteriores del Per\u00fa. <\/p>\n\n\n\n<p>Graduado en Derecho y Ciencia Pol\u00edtica en la Universidad Nacional Mayor de San Marcos. Es Mag\u00edster en Diplomacia y Relaciones Internacionales por la Academia Diplom\u00e1tica del Per\u00fa. Graduado del Programa de Naciones Unidas &#8211; Nippon Foundation- Centro Nacional Oceanogr\u00e1fico de la Universidad Southampton, de Rhodes Academy- Center of Ocean Law and Policy y del Programa de Negociaci\u00f3n y Liderazgo de la Facultad de Derecho de la Universidad de Harvard. Ha llevado cursos sobre Derecho del Mar en la Universidad Nova de Lisboa, en el Instituto Brit\u00e1nico de Derecho Internacional y Comparado, en la Universidad Austral y en la Universidad de la Coru\u00f1a. Ha sido profesor universitario del curso Legislaci\u00f3n del Mar hasta el 2023. Miembro Asociado de la Sociedad Peruana de Derecho Internacional.\u00a0<br><br><\/p>\n","protected":false},"excerpt":{"rendered":"<p>General Consul at the Consulate General of Peru in Buenos Aires C\u00f3nsul General Adjunto en el Consulado General del Per\u00fa en Buenos Aires Mr Campos Maza is a Counsellor in the Foreign Service of Peru and is currently the General Consul at the Consulate General of Peru in Buenos Aires. He has served in the [&hellip;]<\/p>\n","protected":false},"author":21,"featured_media":2919,"comment_status":"closed","ping_status":"closed","sticky":false,"template":"","format":"standard","meta":{"_acf_changed":false,"footnotes":""},"categories":[34,13],"tags":[],"class_list":["post-2396","post","type-post","status-publish","format-standard","has-post-thumbnail","hentry","category-colp47","category-rapporteur","post-wrapper","thrv_wrapper"],"yoast_head":"<!-- This site is optimized with the Yoast SEO plugin v27.0 - https:\/\/yoast.com\/product\/yoast-seo-wordpress\/ -->\n<title>Gian Pierre Campos Maza - 47th Annual Conference on Oceans Law and Policy (COLP47)<\/title>\n<meta name=\"robots\" content=\"index, follow, max-snippet:-1, max-image-preview:large, max-video-preview:-1\" \/>\n<link rel=\"canonical\" href=\"https:\/\/conferences.wmu.se\/colp47\/gian-pierre-campos-maza\/\" \/>\n<meta property=\"og:locale\" content=\"en_US\" \/>\n<meta property=\"og:type\" content=\"article\" \/>\n<meta property=\"og:title\" content=\"Gian Pierre Campos Maza - 47th Annual Conference on Oceans Law and Policy (COLP47)\" \/>\n<meta property=\"og:description\" content=\"General Consul at the Consulate General of Peru in Buenos Aires C\u00f3nsul General Adjunto en el Consulado General del Per\u00fa en Buenos Aires Mr Campos Maza is a Counsellor in the Foreign Service of Peru and is currently the General Consul at the Consulate General of Peru in Buenos Aires. He has served in the [&hellip;]\" \/>\n<meta property=\"og:url\" content=\"https:\/\/conferences.wmu.se\/colp47\/gian-pierre-campos-maza\/\" \/>\n<meta property=\"og:site_name\" content=\"47th Annual Conference on Oceans Law and Policy (COLP47)\" \/>\n<meta property=\"article:published_time\" content=\"2024-08-20T13:08:13+00:00\" \/>\n<meta property=\"article:modified_time\" content=\"2024-09-12T11:07:34+00:00\" \/>\n<meta property=\"og:image\" content=\"https:\/\/conferences.wmu.se\/colp47\/wp-content\/uploads\/sites\/27\/2024\/08\/Gian-Pierre-Campos-Maza-e1726139248437.jpeg\" \/>\n\t<meta property=\"og:image:width\" content=\"900\" \/>\n\t<meta property=\"og:image:height\" content=\"718\" \/>\n\t<meta property=\"og:image:type\" content=\"image\/jpeg\" \/>\n<meta name=\"author\" content=\"suriya\" \/>\n<meta name=\"twitter:card\" content=\"summary_large_image\" \/>\n<meta name=\"twitter:label1\" content=\"Written by\" \/>\n\t<meta name=\"twitter:data1\" content=\"suriya\" \/>\n\t<meta name=\"twitter:label2\" content=\"Est. reading time\" \/>\n\t<meta name=\"twitter:data2\" content=\"3 minutes\" \/>\n<script type=\"application\/ld+json\" class=\"yoast-schema-graph\">{\"@context\":\"https:\/\/schema.org\",\"@graph\":[{\"@type\":\"Article\",\"@id\":\"https:\/\/conferences.wmu.se\/colp47\/gian-pierre-campos-maza\/#article\",\"isPartOf\":{\"@id\":\"https:\/\/conferences.wmu.se\/colp47\/gian-pierre-campos-maza\/\"},\"author\":{\"name\":\"suriya\",\"@id\":\"https:\/\/conferences.wmu.se\/colp47\/#\/schema\/person\/a277b258faabfe2646f9fdccef5abc6b\"},\"headline\":\"Gian Pierre Campos Maza\",\"datePublished\":\"2024-08-20T13:08:13+00:00\",\"dateModified\":\"2024-09-12T11:07:34+00:00\",\"mainEntityOfPage\":{\"@id\":\"https:\/\/conferences.wmu.se\/colp47\/gian-pierre-campos-maza\/\"},\"wordCount\":440,\"image\":{\"@id\":\"https:\/\/conferences.wmu.se\/colp47\/gian-pierre-campos-maza\/#primaryimage\"},\"thumbnailUrl\":\"https:\/\/conferences.wmu.se\/colp47\/wp-content\/uploads\/sites\/27\/2024\/08\/Gian-Pierre-Campos-Maza-e1726139248437.jpeg\",\"articleSection\":[\"COLP47\",\"Rapporteur\"],\"inLanguage\":\"en-US\"},{\"@type\":\"WebPage\",\"@id\":\"https:\/\/conferences.wmu.se\/colp47\/gian-pierre-campos-maza\/\",\"url\":\"https:\/\/conferences.wmu.se\/colp47\/gian-pierre-campos-maza\/\",\"name\":\"Gian Pierre Campos Maza - 47th Annual Conference on Oceans Law and Policy (COLP47)\",\"isPartOf\":{\"@id\":\"https:\/\/conferences.wmu.se\/colp47\/#website\"},\"primaryImageOfPage\":{\"@id\":\"https:\/\/conferences.wmu.se\/colp47\/gian-pierre-campos-maza\/#primaryimage\"},\"image\":{\"@id\":\"https:\/\/conferences.wmu.se\/colp47\/gian-pierre-campos-maza\/#primaryimage\"},\"thumbnailUrl\":\"https:\/\/conferences.wmu.se\/colp47\/wp-content\/uploads\/sites\/27\/2024\/08\/Gian-Pierre-Campos-Maza-e1726139248437.jpeg\",\"datePublished\":\"2024-08-20T13:08:13+00:00\",\"dateModified\":\"2024-09-12T11:07:34+00:00\",\"author\":{\"@id\":\"https:\/\/conferences.wmu.se\/colp47\/#\/schema\/person\/a277b258faabfe2646f9fdccef5abc6b\"},\"breadcrumb\":{\"@id\":\"https:\/\/conferences.wmu.se\/colp47\/gian-pierre-campos-maza\/#breadcrumb\"},\"inLanguage\":\"en-US\",\"potentialAction\":[{\"@type\":\"ReadAction\",\"target\":[\"https:\/\/conferences.wmu.se\/colp47\/gian-pierre-campos-maza\/\"]}]},{\"@type\":\"ImageObject\",\"inLanguage\":\"en-US\",\"@id\":\"https:\/\/conferences.wmu.se\/colp47\/gian-pierre-campos-maza\/#primaryimage\",\"url\":\"https:\/\/conferences.wmu.se\/colp47\/wp-content\/uploads\/sites\/27\/2024\/08\/Gian-Pierre-Campos-Maza-e1726139248437.jpeg\",\"contentUrl\":\"https:\/\/conferences.wmu.se\/colp47\/wp-content\/uploads\/sites\/27\/2024\/08\/Gian-Pierre-Campos-Maza-e1726139248437.jpeg\",\"width\":900,\"height\":718},{\"@type\":\"BreadcrumbList\",\"@id\":\"https:\/\/conferences.wmu.se\/colp47\/gian-pierre-campos-maza\/#breadcrumb\",\"itemListElement\":[{\"@type\":\"ListItem\",\"position\":1,\"name\":\"Home\",\"item\":\"https:\/\/conferences.wmu.se\/colp47\/\"},{\"@type\":\"ListItem\",\"position\":2,\"name\":\"Gian Pierre Campos Maza\"}]},{\"@type\":\"WebSite\",\"@id\":\"https:\/\/conferences.wmu.se\/colp47\/#website\",\"url\":\"https:\/\/conferences.wmu.se\/colp47\/\",\"name\":\"47th Annual Conference on Oceans Law and Policy (COLP47)\",\"description\":\"OCEAN GOVERNANCE IN THE SOUTH PACIFIC AND LATIN AMERICA\",\"potentialAction\":[{\"@type\":\"SearchAction\",\"target\":{\"@type\":\"EntryPoint\",\"urlTemplate\":\"https:\/\/conferences.wmu.se\/colp47\/?s={search_term_string}\"},\"query-input\":{\"@type\":\"PropertyValueSpecification\",\"valueRequired\":true,\"valueName\":\"search_term_string\"}}],\"inLanguage\":\"en-US\"},{\"@type\":\"Person\",\"@id\":\"https:\/\/conferences.wmu.se\/colp47\/#\/schema\/person\/a277b258faabfe2646f9fdccef5abc6b\",\"name\":\"suriya\",\"image\":{\"@type\":\"ImageObject\",\"inLanguage\":\"en-US\",\"@id\":\"https:\/\/conferences.wmu.se\/colp47\/#\/schema\/person\/image\/\",\"url\":\"https:\/\/secure.gravatar.com\/avatar\/676608873ff7e1788b1f44c09487847c5f3642c6498aba69443a2176f8eb81a0?s=96&d=mm&r=g\",\"contentUrl\":\"https:\/\/secure.gravatar.com\/avatar\/676608873ff7e1788b1f44c09487847c5f3642c6498aba69443a2176f8eb81a0?s=96&d=mm&r=g\",\"caption\":\"suriya\"},\"url\":\"https:\/\/conferences.wmu.se\/colp47\/author\/suriya\/\"}]}<\/script>\n<!-- \/ Yoast SEO plugin. -->","yoast_head_json":{"title":"Gian Pierre Campos Maza - 47th Annual Conference on Oceans Law and Policy (COLP47)","robots":{"index":"index","follow":"follow","max-snippet":"max-snippet:-1","max-image-preview":"max-image-preview:large","max-video-preview":"max-video-preview:-1"},"canonical":"https:\/\/conferences.wmu.se\/colp47\/gian-pierre-campos-maza\/","og_locale":"en_US","og_type":"article","og_title":"Gian Pierre Campos Maza - 47th Annual Conference on Oceans Law and Policy (COLP47)","og_description":"General Consul at the Consulate General of Peru in Buenos Aires C\u00f3nsul General Adjunto en el Consulado General del Per\u00fa en Buenos Aires Mr Campos Maza is a Counsellor in the Foreign Service of Peru and is currently the General Consul at the Consulate General of Peru in Buenos Aires. He has served in the [&hellip;]","og_url":"https:\/\/conferences.wmu.se\/colp47\/gian-pierre-campos-maza\/","og_site_name":"47th Annual Conference on Oceans Law and Policy (COLP47)","article_published_time":"2024-08-20T13:08:13+00:00","article_modified_time":"2024-09-12T11:07:34+00:00","og_image":[{"width":900,"height":718,"url":"https:\/\/conferences.wmu.se\/colp47\/wp-content\/uploads\/sites\/27\/2024\/08\/Gian-Pierre-Campos-Maza-e1726139248437.jpeg","type":"image\/jpeg"}],"author":"suriya","twitter_card":"summary_large_image","twitter_misc":{"Written by":"suriya","Est. reading time":"3 minutes"},"schema":{"@context":"https:\/\/schema.org","@graph":[{"@type":"Article","@id":"https:\/\/conferences.wmu.se\/colp47\/gian-pierre-campos-maza\/#article","isPartOf":{"@id":"https:\/\/conferences.wmu.se\/colp47\/gian-pierre-campos-maza\/"},"author":{"name":"suriya","@id":"https:\/\/conferences.wmu.se\/colp47\/#\/schema\/person\/a277b258faabfe2646f9fdccef5abc6b"},"headline":"Gian Pierre Campos Maza","datePublished":"2024-08-20T13:08:13+00:00","dateModified":"2024-09-12T11:07:34+00:00","mainEntityOfPage":{"@id":"https:\/\/conferences.wmu.se\/colp47\/gian-pierre-campos-maza\/"},"wordCount":440,"image":{"@id":"https:\/\/conferences.wmu.se\/colp47\/gian-pierre-campos-maza\/#primaryimage"},"thumbnailUrl":"https:\/\/conferences.wmu.se\/colp47\/wp-content\/uploads\/sites\/27\/2024\/08\/Gian-Pierre-Campos-Maza-e1726139248437.jpeg","articleSection":["COLP47","Rapporteur"],"inLanguage":"en-US"},{"@type":"WebPage","@id":"https:\/\/conferences.wmu.se\/colp47\/gian-pierre-campos-maza\/","url":"https:\/\/conferences.wmu.se\/colp47\/gian-pierre-campos-maza\/","name":"Gian Pierre Campos Maza - 47th Annual Conference on Oceans Law and Policy (COLP47)","isPartOf":{"@id":"https:\/\/conferences.wmu.se\/colp47\/#website"},"primaryImageOfPage":{"@id":"https:\/\/conferences.wmu.se\/colp47\/gian-pierre-campos-maza\/#primaryimage"},"image":{"@id":"https:\/\/conferences.wmu.se\/colp47\/gian-pierre-campos-maza\/#primaryimage"},"thumbnailUrl":"https:\/\/conferences.wmu.se\/colp47\/wp-content\/uploads\/sites\/27\/2024\/08\/Gian-Pierre-Campos-Maza-e1726139248437.jpeg","datePublished":"2024-08-20T13:08:13+00:00","dateModified":"2024-09-12T11:07:34+00:00","author":{"@id":"https:\/\/conferences.wmu.se\/colp47\/#\/schema\/person\/a277b258faabfe2646f9fdccef5abc6b"},"breadcrumb":{"@id":"https:\/\/conferences.wmu.se\/colp47\/gian-pierre-campos-maza\/#breadcrumb"},"inLanguage":"en-US","potentialAction":[{"@type":"ReadAction","target":["https:\/\/conferences.wmu.se\/colp47\/gian-pierre-campos-maza\/"]}]},{"@type":"ImageObject","inLanguage":"en-US","@id":"https:\/\/conferences.wmu.se\/colp47\/gian-pierre-campos-maza\/#primaryimage","url":"https:\/\/conferences.wmu.se\/colp47\/wp-content\/uploads\/sites\/27\/2024\/08\/Gian-Pierre-Campos-Maza-e1726139248437.jpeg","contentUrl":"https:\/\/conferences.wmu.se\/colp47\/wp-content\/uploads\/sites\/27\/2024\/08\/Gian-Pierre-Campos-Maza-e1726139248437.jpeg","width":900,"height":718},{"@type":"BreadcrumbList","@id":"https:\/\/conferences.wmu.se\/colp47\/gian-pierre-campos-maza\/#breadcrumb","itemListElement":[{"@type":"ListItem","position":1,"name":"Home","item":"https:\/\/conferences.wmu.se\/colp47\/"},{"@type":"ListItem","position":2,"name":"Gian Pierre Campos Maza"}]},{"@type":"WebSite","@id":"https:\/\/conferences.wmu.se\/colp47\/#website","url":"https:\/\/conferences.wmu.se\/colp47\/","name":"47th Annual Conference on Oceans Law and Policy (COLP47)","description":"OCEAN GOVERNANCE IN THE SOUTH PACIFIC AND LATIN AMERICA","potentialAction":[{"@type":"SearchAction","target":{"@type":"EntryPoint","urlTemplate":"https:\/\/conferences.wmu.se\/colp47\/?s={search_term_string}"},"query-input":{"@type":"PropertyValueSpecification","valueRequired":true,"valueName":"search_term_string"}}],"inLanguage":"en-US"},{"@type":"Person","@id":"https:\/\/conferences.wmu.se\/colp47\/#\/schema\/person\/a277b258faabfe2646f9fdccef5abc6b","name":"suriya","image":{"@type":"ImageObject","inLanguage":"en-US","@id":"https:\/\/conferences.wmu.se\/colp47\/#\/schema\/person\/image\/","url":"https:\/\/secure.gravatar.com\/avatar\/676608873ff7e1788b1f44c09487847c5f3642c6498aba69443a2176f8eb81a0?s=96&d=mm&r=g","contentUrl":"https:\/\/secure.gravatar.com\/avatar\/676608873ff7e1788b1f44c09487847c5f3642c6498aba69443a2176f8eb81a0?s=96&d=mm&r=g","caption":"suriya"},"url":"https:\/\/conferences.wmu.se\/colp47\/author\/suriya\/"}]}},"acf":[],"jetpack_featured_media_url":"https:\/\/conferences.wmu.se\/colp47\/wp-content\/uploads\/sites\/27\/2024\/08\/Gian-Pierre-Campos-Maza-e1726139248437.jpeg","_links":{"self":[{"href":"https:\/\/conferences.wmu.se\/colp47\/wp-json\/wp\/v2\/posts\/2396","targetHints":{"allow":["GET"]}}],"collection":[{"href":"https:\/\/conferences.wmu.se\/colp47\/wp-json\/wp\/v2\/posts"}],"about":[{"href":"https:\/\/conferences.wmu.se\/colp47\/wp-json\/wp\/v2\/types\/post"}],"author":[{"embeddable":true,"href":"https:\/\/conferences.wmu.se\/colp47\/wp-json\/wp\/v2\/users\/21"}],"replies":[{"embeddable":true,"href":"https:\/\/conferences.wmu.se\/colp47\/wp-json\/wp\/v2\/comments?post=2396"}],"version-history":[{"count":5,"href":"https:\/\/conferences.wmu.se\/colp47\/wp-json\/wp\/v2\/posts\/2396\/revisions"}],"predecessor-version":[{"id":2920,"href":"https:\/\/conferences.wmu.se\/colp47\/wp-json\/wp\/v2\/posts\/2396\/revisions\/2920"}],"wp:featuredmedia":[{"embeddable":true,"href":"https:\/\/conferences.wmu.se\/colp47\/wp-json\/wp\/v2\/media\/2919"}],"wp:attachment":[{"href":"https:\/\/conferences.wmu.se\/colp47\/wp-json\/wp\/v2\/media?parent=2396"}],"wp:term":[{"taxonomy":"category","embeddable":true,"href":"https:\/\/conferences.wmu.se\/colp47\/wp-json\/wp\/v2\/categories?post=2396"},{"taxonomy":"post_tag","embeddable":true,"href":"https:\/\/conferences.wmu.se\/colp47\/wp-json\/wp\/v2\/tags?post=2396"}],"curies":[{"name":"wp","href":"https:\/\/api.w.org\/{rel}","templated":true}]}}