{"id":2365,"date":"2024-08-20T13:08:00","date_gmt":"2024-08-20T13:08:00","guid":{"rendered":"https:\/\/conferences.wmu.se\/colp47\/?p=2365"},"modified":"2024-09-12T09:33:13","modified_gmt":"2024-09-12T09:33:13","slug":"h-e-gustavo-meza-cuadra-velasquez","status":"publish","type":"post","link":"https:\/\/conferences.wmu.se\/colp47\/h-e-gustavo-meza-cuadra-velasquez\/","title":{"rendered":"H.E. Gustavo Meza-Cuadra Vel\u00e1squez"},"content":{"rendered":"<p>Former Chair of the INC for developing an international legally binding instrument on plastic pollution;<\/p>\n<p>Permanent Representative of Peru to the Council of International Civil Aviation Organisation.<\/p>\n<p><b>Panel 2: Plastic Pollution Treaty Negotiations <\/b><\/p>\n\n\n<hr class=\"wp-block-separator has-alpha-channel-opacity\" \/>\n\n\n\n<p>Peruvian diplomat with more than 40 years of service and experience in multilateral political and economic negotiations. Former Minister of Foreign Affairs of Peru (2019-2020), Permanent Representative to the United Nations (UN) and the UN Security Council, having held the Presidency of this body on two occasions (2018- 2019).<\/p>\n\n\n\n<p>In 2022 and 2023 he chaired the Intergovernmental Negotiating Committee (INC), tasked by the United Nations Environment Assembly (UNEA) with developing a legally binding instrument to end plastic pollution, and is currently vice-president and representative of Latin America and the Caribbean at the INC Bureau.<\/p>\n\n\n\n<p>Ambassador Meza Cuadra has held several high-level positions in the Ministry of Foreign Affairs and has represented Peru in different countries, including the United Kingdom, France, the United States and Guatemala.<\/p>\n\n\n\n<p>He studied Economics at the Universidad del Pacifico and International Relations at the Diplomatic Academy of Peru. He has a Master\u2019s Degree in International Public Policy from Johns Hopkins University and another in Diplomacy and Management of International Organizations from the University of Paris.<\/p>\n\n\n\n<hr class=\"wp-block-separator has-alpha-channel-opacity\" \/>\n\n\n\n<p>Diplom\u00e1tico peruano con m\u00e1s de 40 a\u00f1os de servicio y experiencia en negociaciones multilaterales pol\u00edticas y econ\u00f3micas. Ex ministro de Relaciones Exteriores del Per\u00fa (2019-2020), Representante Permanente ante las Naciones<\/p>\n\n\n\n<p>Unidas (ONU) y el Consejo de Seguridad de la ONU, habiendo ocupado la Presidencia de este \u00f3rgano en dos ocasiones (2018-2019).<\/p>\n\n\n\n<p>En 2022 y 2023 presidi\u00f3 el Comit\u00e9 Intergubernamental de Negociaci\u00f3n (INC), encargado por la Asamblea de las Naciones Unidas para el Medio Ambiente (UNEA) de elaborar un instrumento jur\u00eddicamente vinculante para poner fin a la contaminaci\u00f3n pl\u00e1stica, y actualmente es vicepresidente y representante de Am\u00e9rica Latina y el Caribe en el Bureau del INC.<\/p>\n\n\n\n<p>El Embajador Meza Cuadra ha ocupado varios cargos de alto nivel en el Ministerio de Relaciones Exteriores y ha representado al Per\u00fa en diferentes pa\u00edses, entre ellos Reino Unido, Francia, Estados Unidos y Guatemala.<\/p>\n\n\n\n<p>Estudi\u00f3 Econom\u00eda en la Universidad del Pac\u00edfico y Relaciones Internacionales en la Academia Diplom\u00e1tica del Per\u00fa. Tiene una Maestr\u00eda en Pol\u00edticas P\u00fablicas Internacionales de la Universidad Johns Hopkins y otra en Diplomacia y Gesti\u00f3n de Organizaciones Internacionales de la Universidad de Par\u00eds.<\/p>\n","protected":false},"excerpt":{"rendered":"<p>Former Chair of the INC for developing an international legally binding instrument on plastic pollution; Permanent Representative of Peru to the Council of International Civil Aviation Organisation. Panel 2: Plastic Pollution Treaty Negotiations Peruvian diplomat with more than 40 years of service and experience in multilateral political and economic negotiations. Former Minister of Foreign Affairs [&hellip;]<\/p>\n","protected":false},"author":21,"featured_media":2910,"comment_status":"closed","ping_status":"closed","sticky":false,"template":"","format":"standard","meta":{"_acf_changed":false,"footnotes":""},"categories":[34,5,6],"tags":[],"class_list":["post-2365","post","type-post","status-publish","format-standard","has-post-thumbnail","hentry","category-colp47","category-contributors","category-speaker","post-wrapper","thrv_wrapper"],"yoast_head":"<!-- This site is optimized with the Yoast SEO plugin v27.0 - https:\/\/yoast.com\/product\/yoast-seo-wordpress\/ -->\n<title>H.E. Gustavo Meza-Cuadra Vel\u00e1squez - 47th Annual Conference on Oceans Law and Policy (COLP47)<\/title>\n<meta name=\"robots\" content=\"index, follow, max-snippet:-1, max-image-preview:large, max-video-preview:-1\" \/>\n<link rel=\"canonical\" href=\"https:\/\/conferences.wmu.se\/colp47\/h-e-gustavo-meza-cuadra-velasquez\/\" \/>\n<meta property=\"og:locale\" content=\"en_US\" \/>\n<meta property=\"og:type\" content=\"article\" \/>\n<meta property=\"og:title\" content=\"H.E. Gustavo Meza-Cuadra Vel\u00e1squez - 47th Annual Conference on Oceans Law and Policy (COLP47)\" \/>\n<meta property=\"og:description\" content=\"Former Chair of the INC for developing an international legally binding instrument on plastic pollution; Permanent Representative of Peru to the Council of International Civil Aviation Organisation. Panel 2: Plastic Pollution Treaty Negotiations Peruvian diplomat with more than 40 years of service and experience in multilateral political and economic negotiations. Former Minister of Foreign Affairs [&hellip;]\" \/>\n<meta property=\"og:url\" content=\"https:\/\/conferences.wmu.se\/colp47\/h-e-gustavo-meza-cuadra-velasquez\/\" \/>\n<meta property=\"og:site_name\" content=\"47th Annual Conference on Oceans Law and Policy (COLP47)\" \/>\n<meta property=\"article:published_time\" content=\"2024-08-20T13:08:00+00:00\" \/>\n<meta property=\"article:modified_time\" content=\"2024-09-12T09:33:13+00:00\" \/>\n<meta property=\"og:image\" content=\"https:\/\/conferences.wmu.se\/colp47\/wp-content\/uploads\/sites\/27\/2024\/08\/Gustavo-Meza-Cuadra-e1726133587291.jpg\" \/>\n\t<meta property=\"og:image:width\" content=\"342\" \/>\n\t<meta property=\"og:image:height\" content=\"357\" \/>\n\t<meta property=\"og:image:type\" content=\"image\/jpeg\" \/>\n<meta name=\"author\" content=\"suriya\" \/>\n<meta name=\"twitter:card\" content=\"summary_large_image\" \/>\n<meta name=\"twitter:label1\" content=\"Written by\" \/>\n\t<meta name=\"twitter:data1\" content=\"suriya\" \/>\n\t<meta name=\"twitter:label2\" content=\"Est. reading time\" \/>\n\t<meta name=\"twitter:data2\" content=\"3 minutes\" \/>\n<script type=\"application\/ld+json\" class=\"yoast-schema-graph\">{\"@context\":\"https:\/\/schema.org\",\"@graph\":[{\"@type\":\"Article\",\"@id\":\"https:\/\/conferences.wmu.se\/colp47\/h-e-gustavo-meza-cuadra-velasquez\/#article\",\"isPartOf\":{\"@id\":\"https:\/\/conferences.wmu.se\/colp47\/h-e-gustavo-meza-cuadra-velasquez\/\"},\"author\":{\"name\":\"suriya\",\"@id\":\"https:\/\/conferences.wmu.se\/colp47\/#\/schema\/person\/a277b258faabfe2646f9fdccef5abc6b\"},\"headline\":\"H.E. Gustavo Meza-Cuadra Vel\u00e1squez\",\"datePublished\":\"2024-08-20T13:08:00+00:00\",\"dateModified\":\"2024-09-12T09:33:13+00:00\",\"mainEntityOfPage\":{\"@id\":\"https:\/\/conferences.wmu.se\/colp47\/h-e-gustavo-meza-cuadra-velasquez\/\"},\"wordCount\":401,\"image\":{\"@id\":\"https:\/\/conferences.wmu.se\/colp47\/h-e-gustavo-meza-cuadra-velasquez\/#primaryimage\"},\"thumbnailUrl\":\"https:\/\/conferences.wmu.se\/colp47\/wp-content\/uploads\/sites\/27\/2024\/08\/Gustavo-Meza-Cuadra-e1726133587291.jpg\",\"articleSection\":[\"COLP47\",\"Contributors\",\"Speaker\"],\"inLanguage\":\"en-US\"},{\"@type\":\"WebPage\",\"@id\":\"https:\/\/conferences.wmu.se\/colp47\/h-e-gustavo-meza-cuadra-velasquez\/\",\"url\":\"https:\/\/conferences.wmu.se\/colp47\/h-e-gustavo-meza-cuadra-velasquez\/\",\"name\":\"H.E. Gustavo Meza-Cuadra Vel\u00e1squez - 47th Annual Conference on Oceans Law and Policy (COLP47)\",\"isPartOf\":{\"@id\":\"https:\/\/conferences.wmu.se\/colp47\/#website\"},\"primaryImageOfPage\":{\"@id\":\"https:\/\/conferences.wmu.se\/colp47\/h-e-gustavo-meza-cuadra-velasquez\/#primaryimage\"},\"image\":{\"@id\":\"https:\/\/conferences.wmu.se\/colp47\/h-e-gustavo-meza-cuadra-velasquez\/#primaryimage\"},\"thumbnailUrl\":\"https:\/\/conferences.wmu.se\/colp47\/wp-content\/uploads\/sites\/27\/2024\/08\/Gustavo-Meza-Cuadra-e1726133587291.jpg\",\"datePublished\":\"2024-08-20T13:08:00+00:00\",\"dateModified\":\"2024-09-12T09:33:13+00:00\",\"author\":{\"@id\":\"https:\/\/conferences.wmu.se\/colp47\/#\/schema\/person\/a277b258faabfe2646f9fdccef5abc6b\"},\"breadcrumb\":{\"@id\":\"https:\/\/conferences.wmu.se\/colp47\/h-e-gustavo-meza-cuadra-velasquez\/#breadcrumb\"},\"inLanguage\":\"en-US\",\"potentialAction\":[{\"@type\":\"ReadAction\",\"target\":[\"https:\/\/conferences.wmu.se\/colp47\/h-e-gustavo-meza-cuadra-velasquez\/\"]}]},{\"@type\":\"ImageObject\",\"inLanguage\":\"en-US\",\"@id\":\"https:\/\/conferences.wmu.se\/colp47\/h-e-gustavo-meza-cuadra-velasquez\/#primaryimage\",\"url\":\"https:\/\/conferences.wmu.se\/colp47\/wp-content\/uploads\/sites\/27\/2024\/08\/Gustavo-Meza-Cuadra-e1726133587291.jpg\",\"contentUrl\":\"https:\/\/conferences.wmu.se\/colp47\/wp-content\/uploads\/sites\/27\/2024\/08\/Gustavo-Meza-Cuadra-e1726133587291.jpg\",\"width\":342,\"height\":357},{\"@type\":\"BreadcrumbList\",\"@id\":\"https:\/\/conferences.wmu.se\/colp47\/h-e-gustavo-meza-cuadra-velasquez\/#breadcrumb\",\"itemListElement\":[{\"@type\":\"ListItem\",\"position\":1,\"name\":\"Home\",\"item\":\"https:\/\/conferences.wmu.se\/colp47\/\"},{\"@type\":\"ListItem\",\"position\":2,\"name\":\"H.E. Gustavo Meza-Cuadra Vel\u00e1squez\"}]},{\"@type\":\"WebSite\",\"@id\":\"https:\/\/conferences.wmu.se\/colp47\/#website\",\"url\":\"https:\/\/conferences.wmu.se\/colp47\/\",\"name\":\"47th Annual Conference on Oceans Law and Policy (COLP47)\",\"description\":\"OCEAN GOVERNANCE IN THE SOUTH PACIFIC AND LATIN AMERICA\",\"potentialAction\":[{\"@type\":\"SearchAction\",\"target\":{\"@type\":\"EntryPoint\",\"urlTemplate\":\"https:\/\/conferences.wmu.se\/colp47\/?s={search_term_string}\"},\"query-input\":{\"@type\":\"PropertyValueSpecification\",\"valueRequired\":true,\"valueName\":\"search_term_string\"}}],\"inLanguage\":\"en-US\"},{\"@type\":\"Person\",\"@id\":\"https:\/\/conferences.wmu.se\/colp47\/#\/schema\/person\/a277b258faabfe2646f9fdccef5abc6b\",\"name\":\"suriya\",\"image\":{\"@type\":\"ImageObject\",\"inLanguage\":\"en-US\",\"@id\":\"https:\/\/conferences.wmu.se\/colp47\/#\/schema\/person\/image\/\",\"url\":\"https:\/\/secure.gravatar.com\/avatar\/676608873ff7e1788b1f44c09487847c5f3642c6498aba69443a2176f8eb81a0?s=96&d=mm&r=g\",\"contentUrl\":\"https:\/\/secure.gravatar.com\/avatar\/676608873ff7e1788b1f44c09487847c5f3642c6498aba69443a2176f8eb81a0?s=96&d=mm&r=g\",\"caption\":\"suriya\"},\"url\":\"https:\/\/conferences.wmu.se\/colp47\/author\/suriya\/\"}]}<\/script>\n<!-- \/ Yoast SEO plugin. -->","yoast_head_json":{"title":"H.E. Gustavo Meza-Cuadra Vel\u00e1squez - 47th Annual Conference on Oceans Law and Policy (COLP47)","robots":{"index":"index","follow":"follow","max-snippet":"max-snippet:-1","max-image-preview":"max-image-preview:large","max-video-preview":"max-video-preview:-1"},"canonical":"https:\/\/conferences.wmu.se\/colp47\/h-e-gustavo-meza-cuadra-velasquez\/","og_locale":"en_US","og_type":"article","og_title":"H.E. Gustavo Meza-Cuadra Vel\u00e1squez - 47th Annual Conference on Oceans Law and Policy (COLP47)","og_description":"Former Chair of the INC for developing an international legally binding instrument on plastic pollution; Permanent Representative of Peru to the Council of International Civil Aviation Organisation. Panel 2: Plastic Pollution Treaty Negotiations Peruvian diplomat with more than 40 years of service and experience in multilateral political and economic negotiations. Former Minister of Foreign Affairs [&hellip;]","og_url":"https:\/\/conferences.wmu.se\/colp47\/h-e-gustavo-meza-cuadra-velasquez\/","og_site_name":"47th Annual Conference on Oceans Law and Policy (COLP47)","article_published_time":"2024-08-20T13:08:00+00:00","article_modified_time":"2024-09-12T09:33:13+00:00","og_image":[{"width":342,"height":357,"url":"https:\/\/conferences.wmu.se\/colp47\/wp-content\/uploads\/sites\/27\/2024\/08\/Gustavo-Meza-Cuadra-e1726133587291.jpg","type":"image\/jpeg"}],"author":"suriya","twitter_card":"summary_large_image","twitter_misc":{"Written by":"suriya","Est. reading time":"3 minutes"},"schema":{"@context":"https:\/\/schema.org","@graph":[{"@type":"Article","@id":"https:\/\/conferences.wmu.se\/colp47\/h-e-gustavo-meza-cuadra-velasquez\/#article","isPartOf":{"@id":"https:\/\/conferences.wmu.se\/colp47\/h-e-gustavo-meza-cuadra-velasquez\/"},"author":{"name":"suriya","@id":"https:\/\/conferences.wmu.se\/colp47\/#\/schema\/person\/a277b258faabfe2646f9fdccef5abc6b"},"headline":"H.E. Gustavo Meza-Cuadra Vel\u00e1squez","datePublished":"2024-08-20T13:08:00+00:00","dateModified":"2024-09-12T09:33:13+00:00","mainEntityOfPage":{"@id":"https:\/\/conferences.wmu.se\/colp47\/h-e-gustavo-meza-cuadra-velasquez\/"},"wordCount":401,"image":{"@id":"https:\/\/conferences.wmu.se\/colp47\/h-e-gustavo-meza-cuadra-velasquez\/#primaryimage"},"thumbnailUrl":"https:\/\/conferences.wmu.se\/colp47\/wp-content\/uploads\/sites\/27\/2024\/08\/Gustavo-Meza-Cuadra-e1726133587291.jpg","articleSection":["COLP47","Contributors","Speaker"],"inLanguage":"en-US"},{"@type":"WebPage","@id":"https:\/\/conferences.wmu.se\/colp47\/h-e-gustavo-meza-cuadra-velasquez\/","url":"https:\/\/conferences.wmu.se\/colp47\/h-e-gustavo-meza-cuadra-velasquez\/","name":"H.E. Gustavo Meza-Cuadra Vel\u00e1squez - 47th Annual Conference on Oceans Law and Policy (COLP47)","isPartOf":{"@id":"https:\/\/conferences.wmu.se\/colp47\/#website"},"primaryImageOfPage":{"@id":"https:\/\/conferences.wmu.se\/colp47\/h-e-gustavo-meza-cuadra-velasquez\/#primaryimage"},"image":{"@id":"https:\/\/conferences.wmu.se\/colp47\/h-e-gustavo-meza-cuadra-velasquez\/#primaryimage"},"thumbnailUrl":"https:\/\/conferences.wmu.se\/colp47\/wp-content\/uploads\/sites\/27\/2024\/08\/Gustavo-Meza-Cuadra-e1726133587291.jpg","datePublished":"2024-08-20T13:08:00+00:00","dateModified":"2024-09-12T09:33:13+00:00","author":{"@id":"https:\/\/conferences.wmu.se\/colp47\/#\/schema\/person\/a277b258faabfe2646f9fdccef5abc6b"},"breadcrumb":{"@id":"https:\/\/conferences.wmu.se\/colp47\/h-e-gustavo-meza-cuadra-velasquez\/#breadcrumb"},"inLanguage":"en-US","potentialAction":[{"@type":"ReadAction","target":["https:\/\/conferences.wmu.se\/colp47\/h-e-gustavo-meza-cuadra-velasquez\/"]}]},{"@type":"ImageObject","inLanguage":"en-US","@id":"https:\/\/conferences.wmu.se\/colp47\/h-e-gustavo-meza-cuadra-velasquez\/#primaryimage","url":"https:\/\/conferences.wmu.se\/colp47\/wp-content\/uploads\/sites\/27\/2024\/08\/Gustavo-Meza-Cuadra-e1726133587291.jpg","contentUrl":"https:\/\/conferences.wmu.se\/colp47\/wp-content\/uploads\/sites\/27\/2024\/08\/Gustavo-Meza-Cuadra-e1726133587291.jpg","width":342,"height":357},{"@type":"BreadcrumbList","@id":"https:\/\/conferences.wmu.se\/colp47\/h-e-gustavo-meza-cuadra-velasquez\/#breadcrumb","itemListElement":[{"@type":"ListItem","position":1,"name":"Home","item":"https:\/\/conferences.wmu.se\/colp47\/"},{"@type":"ListItem","position":2,"name":"H.E. Gustavo Meza-Cuadra Vel\u00e1squez"}]},{"@type":"WebSite","@id":"https:\/\/conferences.wmu.se\/colp47\/#website","url":"https:\/\/conferences.wmu.se\/colp47\/","name":"47th Annual Conference on Oceans Law and Policy (COLP47)","description":"OCEAN GOVERNANCE IN THE SOUTH PACIFIC AND LATIN AMERICA","potentialAction":[{"@type":"SearchAction","target":{"@type":"EntryPoint","urlTemplate":"https:\/\/conferences.wmu.se\/colp47\/?s={search_term_string}"},"query-input":{"@type":"PropertyValueSpecification","valueRequired":true,"valueName":"search_term_string"}}],"inLanguage":"en-US"},{"@type":"Person","@id":"https:\/\/conferences.wmu.se\/colp47\/#\/schema\/person\/a277b258faabfe2646f9fdccef5abc6b","name":"suriya","image":{"@type":"ImageObject","inLanguage":"en-US","@id":"https:\/\/conferences.wmu.se\/colp47\/#\/schema\/person\/image\/","url":"https:\/\/secure.gravatar.com\/avatar\/676608873ff7e1788b1f44c09487847c5f3642c6498aba69443a2176f8eb81a0?s=96&d=mm&r=g","contentUrl":"https:\/\/secure.gravatar.com\/avatar\/676608873ff7e1788b1f44c09487847c5f3642c6498aba69443a2176f8eb81a0?s=96&d=mm&r=g","caption":"suriya"},"url":"https:\/\/conferences.wmu.se\/colp47\/author\/suriya\/"}]}},"acf":[],"jetpack_featured_media_url":"https:\/\/conferences.wmu.se\/colp47\/wp-content\/uploads\/sites\/27\/2024\/08\/Gustavo-Meza-Cuadra-e1726133587291.jpg","_links":{"self":[{"href":"https:\/\/conferences.wmu.se\/colp47\/wp-json\/wp\/v2\/posts\/2365","targetHints":{"allow":["GET"]}}],"collection":[{"href":"https:\/\/conferences.wmu.se\/colp47\/wp-json\/wp\/v2\/posts"}],"about":[{"href":"https:\/\/conferences.wmu.se\/colp47\/wp-json\/wp\/v2\/types\/post"}],"author":[{"embeddable":true,"href":"https:\/\/conferences.wmu.se\/colp47\/wp-json\/wp\/v2\/users\/21"}],"replies":[{"embeddable":true,"href":"https:\/\/conferences.wmu.se\/colp47\/wp-json\/wp\/v2\/comments?post=2365"}],"version-history":[{"count":6,"href":"https:\/\/conferences.wmu.se\/colp47\/wp-json\/wp\/v2\/posts\/2365\/revisions"}],"predecessor-version":[{"id":2911,"href":"https:\/\/conferences.wmu.se\/colp47\/wp-json\/wp\/v2\/posts\/2365\/revisions\/2911"}],"wp:featuredmedia":[{"embeddable":true,"href":"https:\/\/conferences.wmu.se\/colp47\/wp-json\/wp\/v2\/media\/2910"}],"wp:attachment":[{"href":"https:\/\/conferences.wmu.se\/colp47\/wp-json\/wp\/v2\/media?parent=2365"}],"wp:term":[{"taxonomy":"category","embeddable":true,"href":"https:\/\/conferences.wmu.se\/colp47\/wp-json\/wp\/v2\/categories?post=2365"},{"taxonomy":"post_tag","embeddable":true,"href":"https:\/\/conferences.wmu.se\/colp47\/wp-json\/wp\/v2\/tags?post=2365"}],"curies":[{"name":"wp","href":"https:\/\/api.w.org\/{rel}","templated":true}]}}